{"id":5825,"date":"2026-02-18T23:20:32","date_gmt":"2026-02-18T22:20:32","guid":{"rendered":"https:\/\/www.skelleftejazz.se\/?p=5825"},"modified":"2026-02-24T20:48:41","modified_gmt":"2026-02-24T19:48:41","slug":"lordag-28-februari-1300-jazzkafe-bengt-ek-kvintet","status":"publish","type":"post","link":"https:\/\/www.skelleftejazz.se\/?p=5825","title":{"rendered":"L\u00f6rdag 28 februari 13:00 Jazzkaf\u00e9, Bengt Ek kvintett"},"content":{"rendered":"\n<div class=\"wp-block-media-text is-stacked-on-mobile\"><figure class=\"wp-block-media-text__media\"><img loading=\"lazy\" decoding=\"async\" width=\"1024\" height=\"745\" src=\"https:\/\/www.skelleftejazz.se\/wp-content\/uploads\/2026\/01\/ek-1024x745.jpg\" alt=\"\" class=\"wp-image-5780 size-full\" srcset=\"https:\/\/www.skelleftejazz.se\/wp-content\/uploads\/2026\/01\/ek-1024x745.jpg 1024w, https:\/\/www.skelleftejazz.se\/wp-content\/uploads\/2026\/01\/ek-300x218.jpg 300w, https:\/\/www.skelleftejazz.se\/wp-content\/uploads\/2026\/01\/ek-768x559.jpg 768w, https:\/\/www.skelleftejazz.se\/wp-content\/uploads\/2026\/01\/ek-1536x1118.jpg 1536w, https:\/\/www.skelleftejazz.se\/wp-content\/uploads\/2026\/01\/ek-2048x1491.jpg 2048w\" sizes=\"auto, (max-width: 1024px) 100vw, 1024px\" \/><\/figure><div class=\"wp-block-media-text__content\">\n<p>Till v\u00e4nster en bild fr\u00e5n Jokkmokks gamla kyrka.<\/p>\n\n\n\n<p>Bengt Ek kvintett best\u00e5r av Bengt Ek \u2013 klarinett o. Tenorsax, Johan Tegheim \u2013 Piano, G\u00f6ran Persson \u2013 Gitarr, Rune Vesterlund \u2013 Kontrabas, Thomas Ryd\u00e9n \u2013 Trummor.<\/p>\n<\/div><\/div>\n\n\n\n<p>Bengt Ek har suttit m\u00e5nga \u00e5r som tenorist i Norrbotten Big Bands saxsektion men varken saxen eller klarinetten har hamnat p\u00e5 hyllan bara f\u00f6r att pensionsdagen infallit. \u00d6vriga musiker ocks\u00e5 knutna Norrbotten och Lule\u00e5 \/ Pite\u00e5 p\u00e5 olika s\u00e4tt. <\/p>\n\n\n\n<p>Johan Tegheim ers\u00e4tter Petter Sundkvist p\u00e5 piano denna g\u00e5ng.<\/p>\n\n\n\n<p><\/p>\n","protected":false},"excerpt":{"rendered":"<p>Till v\u00e4nster en bild fr\u00e5n Jokkmokks gamla kyrka. Bengt Ek kvintett best\u00e5r av Bengt Ek \u2013 klarinett o. Tenorsax, Johan Tegheim \u2013 Piano, G\u00f6ran Persson \u2013 Gitarr, Rune Vesterlund \u2013 Kontrabas, Thomas Ryd\u00e9n \u2013 Trummor. Bengt Ek har suttit m\u00e5nga \u00e5r som tenorist i Norrbotten Big Bands saxsektion men varken saxen eller klarinetten har hamnat&hellip; <a href=\"https:\/\/www.skelleftejazz.se\/?p=5825\" class=\"read-more\">Forts\u00e4tt l\u00e4sa L\u00f6rdag 28 februari 13:00 Jazzkaf\u00e9, Bengt Ek kvintett<\/a><\/p>\n","protected":false},"author":1,"featured_media":0,"comment_status":"closed","ping_status":"","sticky":false,"template":"","format":"standard","meta":{"footnotes":""},"categories":[4],"tags":[],"class_list":["post-5825","post","type-post","status-publish","format-standard","hentry","category-uncategorized-2"],"_links":{"self":[{"href":"https:\/\/www.skelleftejazz.se\/index.php?rest_route=\/wp\/v2\/posts\/5825","targetHints":{"allow":["GET"]}}],"collection":[{"href":"https:\/\/www.skelleftejazz.se\/index.php?rest_route=\/wp\/v2\/posts"}],"about":[{"href":"https:\/\/www.skelleftejazz.se\/index.php?rest_route=\/wp\/v2\/types\/post"}],"author":[{"embeddable":true,"href":"https:\/\/www.skelleftejazz.se\/index.php?rest_route=\/wp\/v2\/users\/1"}],"replies":[{"embeddable":true,"href":"https:\/\/www.skelleftejazz.se\/index.php?rest_route=%2Fwp%2Fv2%2Fcomments&post=5825"}],"version-history":[{"count":4,"href":"https:\/\/www.skelleftejazz.se\/index.php?rest_route=\/wp\/v2\/posts\/5825\/revisions"}],"predecessor-version":[{"id":5830,"href":"https:\/\/www.skelleftejazz.se\/index.php?rest_route=\/wp\/v2\/posts\/5825\/revisions\/5830"}],"wp:attachment":[{"href":"https:\/\/www.skelleftejazz.se\/index.php?rest_route=%2Fwp%2Fv2%2Fmedia&parent=5825"}],"wp:term":[{"taxonomy":"category","embeddable":true,"href":"https:\/\/www.skelleftejazz.se\/index.php?rest_route=%2Fwp%2Fv2%2Fcategories&post=5825"},{"taxonomy":"post_tag","embeddable":true,"href":"https:\/\/www.skelleftejazz.se\/index.php?rest_route=%2Fwp%2Fv2%2Ftags&post=5825"}],"curies":[{"name":"wp","href":"https:\/\/api.w.org\/{rel}","templated":true}]}}