{"id":5524,"date":"2025-01-19T00:16:47","date_gmt":"2025-01-18T23:16:47","guid":{"rendered":"https:\/\/www.skelleftejazz.se\/?p=5524"},"modified":"2025-01-19T21:04:58","modified_gmt":"2025-01-19T20:04:58","slug":"arets-forsta-jazzkafe-1-feb-2024","status":"publish","type":"post","link":"https:\/\/www.skelleftejazz.se\/?p=5524","title":{"rendered":"\u00c5rets f\u00f6rsta Jazzkaf\u00e9, 1 feb 2024."},"content":{"rendered":"\n<div class=\"wp-block-media-text is-stacked-on-mobile\"><figure class=\"wp-block-media-text__media\"><img loading=\"lazy\" decoding=\"async\" width=\"290\" height=\"498\" src=\"https:\/\/www.skelleftejazz.se\/wp-content\/uploads\/2025\/01\/JanneLundbergSwing-1.jpg\" alt=\"\" class=\"wp-image-5526 size-full\" srcset=\"https:\/\/www.skelleftejazz.se\/wp-content\/uploads\/2025\/01\/JanneLundbergSwing-1.jpg 290w, https:\/\/www.skelleftejazz.se\/wp-content\/uploads\/2025\/01\/JanneLundbergSwing-1-175x300.jpg 175w\" sizes=\"auto, (max-width: 290px) 100vw, 290px\" \/><\/figure><div class=\"wp-block-media-text__content\">\n<p><strong>L\u00f6rdag 2025-02-01 kl 13:00 DFC, Jan Lundberg Swingband<\/strong><\/p>\n\n\n\n<p>Den of\u00f6rtr\u00f6ttlige Janne Lundberg har m\u00f6blerat ihop en ny konstellation med musiker fr\u00e5n Norrbotten \/ Lule\u00e5. Eller kanske inte riktigt alla. S\u00e5ngerskan k\u00e4nner vi igen som Skelleftebo. Astrid trakterar dessutom saxofon av och till, vi f\u00e5r v\u00e4l se hur det blir med den saken en dag som denna.<\/p>\n\n\n\n<p>Jan Lundberg \u2013 tr\u00e4bl\u00e5s, Joseph Kostet \u2013 gitarr, Samuel Andersson \u2013 trummor, Rune Westerlund \u2013 kontrabas och Astrid L\u00f6fgren \u2013 s\u00e5ng. Ljudteknik denna dag &#8211; Samuel L\u00f6fgren.<\/p>\n<\/div><\/div>\n","protected":false},"excerpt":{"rendered":"<p>L\u00f6rdag 2025-02-01 kl 13:00 DFC, Jan Lundberg Swingband Den of\u00f6rtr\u00f6ttlige Janne Lundberg har m\u00f6blerat ihop en ny konstellation med musiker fr\u00e5n Norrbotten \/ Lule\u00e5. Eller kanske inte riktigt alla. S\u00e5ngerskan k\u00e4nner vi igen som Skelleftebo. Astrid trakterar dessutom saxofon av och till, vi f\u00e5r v\u00e4l se hur det blir med den saken en dag som&hellip; <a href=\"https:\/\/www.skelleftejazz.se\/?p=5524\" class=\"read-more\">Forts\u00e4tt l\u00e4sa \u00c5rets f\u00f6rsta Jazzkaf\u00e9, 1 feb 2024.<\/a><\/p>\n","protected":false},"author":1,"featured_media":0,"comment_status":"closed","ping_status":"","sticky":false,"template":"","format":"standard","meta":{"footnotes":""},"categories":[4],"tags":[],"class_list":["post-5524","post","type-post","status-publish","format-standard","hentry","category-uncategorized-2"],"_links":{"self":[{"href":"https:\/\/www.skelleftejazz.se\/index.php?rest_route=\/wp\/v2\/posts\/5524","targetHints":{"allow":["GET"]}}],"collection":[{"href":"https:\/\/www.skelleftejazz.se\/index.php?rest_route=\/wp\/v2\/posts"}],"about":[{"href":"https:\/\/www.skelleftejazz.se\/index.php?rest_route=\/wp\/v2\/types\/post"}],"author":[{"embeddable":true,"href":"https:\/\/www.skelleftejazz.se\/index.php?rest_route=\/wp\/v2\/users\/1"}],"replies":[{"embeddable":true,"href":"https:\/\/www.skelleftejazz.se\/index.php?rest_route=%2Fwp%2Fv2%2Fcomments&post=5524"}],"version-history":[{"count":2,"href":"https:\/\/www.skelleftejazz.se\/index.php?rest_route=\/wp\/v2\/posts\/5524\/revisions"}],"predecessor-version":[{"id":5528,"href":"https:\/\/www.skelleftejazz.se\/index.php?rest_route=\/wp\/v2\/posts\/5524\/revisions\/5528"}],"wp:attachment":[{"href":"https:\/\/www.skelleftejazz.se\/index.php?rest_route=%2Fwp%2Fv2%2Fmedia&parent=5524"}],"wp:term":[{"taxonomy":"category","embeddable":true,"href":"https:\/\/www.skelleftejazz.se\/index.php?rest_route=%2Fwp%2Fv2%2Fcategories&post=5524"},{"taxonomy":"post_tag","embeddable":true,"href":"https:\/\/www.skelleftejazz.se\/index.php?rest_route=%2Fwp%2Fv2%2Ftags&post=5524"}],"curies":[{"name":"wp","href":"https:\/\/api.w.org\/{rel}","templated":true}]}}