{"id":5476,"date":"2024-11-26T22:12:56","date_gmt":"2024-11-26T21:12:56","guid":{"rendered":"https:\/\/www.skelleftejazz.se\/?p=5476"},"modified":"2024-11-26T22:14:39","modified_gmt":"2024-11-26T21:14:39","slug":"lordag-2024-11-30-kl-1300-bostromsbackens-vanner-med-vanner","status":"publish","type":"post","link":"https:\/\/www.skelleftejazz.se\/?p=5476","title":{"rendered":"L\u00f6rdag 2024-11-30 kl 13:00 Bostr\u00f6msb\u00e4ckens v\u00e4nner med v\u00e4nner."},"content":{"rendered":"\n<p>Bostr\u00f6msb\u00e4ckens v\u00e4nner har denna g\u00e5ng bjudit in n\u00e5gra alldeles extra trevliga v\u00e4nner i form av s\u00e5ngerskor. Det blir ett helt litet s\u00e5ngligt fyrverkeri. Det \u00e4r Olivia Sch\u00f6nfeldt, Sara Cardinetti och Ulrika Lundmark som kommer att turas om att hj\u00e4lpa gubbarna i bandet att h\u00e5lla styrfart (och drygt det!) under ett helt jazzkaf\u00e9. Bostr\u00f6msb\u00e4ckens v\u00e4nner och beskyddare \u00e4r: Tor Holmstr\u00f6m \u2013 piano, Magnus Bergner \u2013 bas, Torsten Andersson \u2013 trummor, Lage Johansson och Mats \u00c5kerstr\u00f6m \u2013 saxofoner.<\/p>\n\n\n\n<figure class=\"wp-block-image size-large\"><img loading=\"lazy\" decoding=\"async\" width=\"1024\" height=\"382\" src=\"https:\/\/www.skelleftejazz.se\/wp-content\/uploads\/2024\/09\/OliviaSaraUllis-1024x382.jpg\" alt=\"\" class=\"wp-image-5462\" srcset=\"https:\/\/www.skelleftejazz.se\/wp-content\/uploads\/2024\/09\/OliviaSaraUllis-1024x382.jpg 1024w, https:\/\/www.skelleftejazz.se\/wp-content\/uploads\/2024\/09\/OliviaSaraUllis-300x112.jpg 300w, https:\/\/www.skelleftejazz.se\/wp-content\/uploads\/2024\/09\/OliviaSaraUllis-768x287.jpg 768w, https:\/\/www.skelleftejazz.se\/wp-content\/uploads\/2024\/09\/OliviaSaraUllis.jpg 1071w\" sizes=\"auto, (max-width: 1024px) 100vw, 1024px\" \/><\/figure>\n\n\n\n<p>V\u00e4lkomna! 13:00 p\u00e5 Din Fest Campus (Laboratorgr\u00e4nd 11). Entr\u00e9 erl\u00e4ggs vid d\u00f6rren.<\/p>\n","protected":false},"excerpt":{"rendered":"<p>Bostr\u00f6msb\u00e4ckens v\u00e4nner har denna g\u00e5ng bjudit in n\u00e5gra alldeles extra trevliga v\u00e4nner i form av s\u00e5ngerskor. Det blir ett helt litet s\u00e5ngligt fyrverkeri. Det \u00e4r Olivia Sch\u00f6nfeldt, Sara Cardinetti och Ulrika Lundmark som kommer att turas om att hj\u00e4lpa gubbarna i bandet att h\u00e5lla styrfart (och drygt det!) under ett helt jazzkaf\u00e9. Bostr\u00f6msb\u00e4ckens v\u00e4nner och&hellip; <a href=\"https:\/\/www.skelleftejazz.se\/?p=5476\" class=\"read-more\">Forts\u00e4tt l\u00e4sa L\u00f6rdag 2024-11-30 kl 13:00 Bostr\u00f6msb\u00e4ckens v\u00e4nner med v\u00e4nner.<\/a><\/p>\n","protected":false},"author":1,"featured_media":0,"comment_status":"closed","ping_status":"","sticky":false,"template":"templates\/no-sidebar.php","format":"standard","meta":{"footnotes":""},"categories":[4],"tags":[],"class_list":["post-5476","post","type-post","status-publish","format-standard","hentry","category-uncategorized-2"],"_links":{"self":[{"href":"https:\/\/www.skelleftejazz.se\/index.php?rest_route=\/wp\/v2\/posts\/5476","targetHints":{"allow":["GET"]}}],"collection":[{"href":"https:\/\/www.skelleftejazz.se\/index.php?rest_route=\/wp\/v2\/posts"}],"about":[{"href":"https:\/\/www.skelleftejazz.se\/index.php?rest_route=\/wp\/v2\/types\/post"}],"author":[{"embeddable":true,"href":"https:\/\/www.skelleftejazz.se\/index.php?rest_route=\/wp\/v2\/users\/1"}],"replies":[{"embeddable":true,"href":"https:\/\/www.skelleftejazz.se\/index.php?rest_route=%2Fwp%2Fv2%2Fcomments&post=5476"}],"version-history":[{"count":1,"href":"https:\/\/www.skelleftejazz.se\/index.php?rest_route=\/wp\/v2\/posts\/5476\/revisions"}],"predecessor-version":[{"id":5477,"href":"https:\/\/www.skelleftejazz.se\/index.php?rest_route=\/wp\/v2\/posts\/5476\/revisions\/5477"}],"wp:attachment":[{"href":"https:\/\/www.skelleftejazz.se\/index.php?rest_route=%2Fwp%2Fv2%2Fmedia&parent=5476"}],"wp:term":[{"taxonomy":"category","embeddable":true,"href":"https:\/\/www.skelleftejazz.se\/index.php?rest_route=%2Fwp%2Fv2%2Fcategories&post=5476"},{"taxonomy":"post_tag","embeddable":true,"href":"https:\/\/www.skelleftejazz.se\/index.php?rest_route=%2Fwp%2Fv2%2Ftags&post=5476"}],"curies":[{"name":"wp","href":"https:\/\/api.w.org\/{rel}","templated":true}]}}