{"id":4895,"date":"2023-01-12T12:04:16","date_gmt":"2023-01-12T11:04:16","guid":{"rendered":"https:\/\/www.skelleftejazz.se\/?p=4895"},"modified":"2023-01-17T17:19:30","modified_gmt":"2023-01-17T16:19:30","slug":"varens-1a-jazzkafe","status":"publish","type":"post","link":"https:\/\/www.skelleftejazz.se\/?p=4895","title":{"rendered":"V\u00e5rens 1:a Jazzkaf\u00e9"},"content":{"rendered":"\n<h3 class=\"wp-block-heading\">L\u00f6rdag 23-02-04 DFC kl 13:00, Lina L\u00f6vstrand Stories<br>OBS! Fri entr\u00e9 f\u00f6r medlemmar.<\/h3>\n\n\n\n<div class=\"wp-block-media-text alignwide is-stacked-on-mobile\"><figure class=\"wp-block-media-text__media\"><img loading=\"lazy\" decoding=\"async\" width=\"1024\" height=\"725\" src=\"https:\/\/www.skelleftejazz.se\/wp-content\/uploads\/2023\/01\/Lina-Lovstrand-Stories-1_-1024x725.jpg\" alt=\"\" class=\"wp-image-4878 size-full\" srcset=\"https:\/\/www.skelleftejazz.se\/wp-content\/uploads\/2023\/01\/Lina-Lovstrand-Stories-1_-1024x725.jpg 1024w, https:\/\/www.skelleftejazz.se\/wp-content\/uploads\/2023\/01\/Lina-Lovstrand-Stories-1_-300x213.jpg 300w, https:\/\/www.skelleftejazz.se\/wp-content\/uploads\/2023\/01\/Lina-Lovstrand-Stories-1_-768x544.jpg 768w, https:\/\/www.skelleftejazz.se\/wp-content\/uploads\/2023\/01\/Lina-Lovstrand-Stories-1_-1536x1088.jpg 1536w, https:\/\/www.skelleftejazz.se\/wp-content\/uploads\/2023\/01\/Lina-Lovstrand-Stories-1_-2048x1451.jpg 2048w\" sizes=\"auto, (max-width: 1024px) 100vw, 1024px\" \/><\/figure><div class=\"wp-block-media-text__content\">\n<p>Lina L\u00f6vstrand \u2013 fl\u00f6jter och basklarinett, Leo Lindberg \u2013 Fender rhodes och orgel, Fredrik Olsson \u2013 gitarr, Jenny Kristoffersson \u2013 elbas (i st\u00e4llet f\u00f6r Lars Ekman som syns p\u00e5 bilden ovan), Niklas Bodin \u2013 trummor<\/p>\n\n\n\n<p>Smakprov, klicka \u2013&gt;&nbsp;<a href=\"https:\/\/www.youtube.com\/watch?v=6pUeflWeGaQ\" target=\"_blank\" rel=\"noreferrer noopener\"><strong>H\u00c4R<\/strong><\/a><\/p>\n\n\n\n<p>Bandledaren och komposit\u00f6ren i gruppen, Lina L\u00f6vstrand, \u00e4r en av de mest eftertraktade tr\u00e4bl\u00e5sarna i Sverige.<\/p>\n\n\n\n<p><\/p>\n<\/div><\/div>\n\n\n\n<p><em>Jazzkaf\u00e9 k\u00f6r vi p\u00e5 Restaurang Din Fest p\u00e5 Campus. (Laboratorgr\u00e4nd) Entr\u00e9 l\u00f6ser du vid d\u00f6rren. \u00c5rets f\u00f6rsta kaf\u00e9 \u00e4r helt gratis f\u00f6r medlemmar i f\u00f6reningen. F\u00f6r \u00f6vriga blir det 175.- Kort eller Swish g\u00e5r bra.<\/em><\/p>\n","protected":false},"excerpt":{"rendered":"<p>L\u00f6rdag 23-02-04 DFC kl 13:00, Lina L\u00f6vstrand StoriesOBS! Fri entr\u00e9 f\u00f6r medlemmar. Lina L\u00f6vstrand \u2013 fl\u00f6jter och basklarinett, Leo Lindberg \u2013 Fender rhodes och orgel, Fredrik Olsson \u2013 gitarr, Jenny Kristoffersson \u2013 elbas (i st\u00e4llet f\u00f6r Lars Ekman som syns p\u00e5 bilden ovan), Niklas Bodin \u2013 trummor Smakprov, klicka \u2013&gt;&nbsp;H\u00c4R Bandledaren och komposit\u00f6ren i gruppen,&hellip; <a href=\"https:\/\/www.skelleftejazz.se\/?p=4895\" class=\"read-more\">Forts\u00e4tt l\u00e4sa V\u00e5rens 1:a Jazzkaf\u00e9<\/a><\/p>\n","protected":false},"author":1,"featured_media":0,"comment_status":"closed","ping_status":"","sticky":false,"template":"","format":"standard","meta":{"footnotes":""},"categories":[4],"tags":[],"class_list":["post-4895","post","type-post","status-publish","format-standard","hentry","category-uncategorized-2"],"_links":{"self":[{"href":"https:\/\/www.skelleftejazz.se\/index.php?rest_route=\/wp\/v2\/posts\/4895","targetHints":{"allow":["GET"]}}],"collection":[{"href":"https:\/\/www.skelleftejazz.se\/index.php?rest_route=\/wp\/v2\/posts"}],"about":[{"href":"https:\/\/www.skelleftejazz.se\/index.php?rest_route=\/wp\/v2\/types\/post"}],"author":[{"embeddable":true,"href":"https:\/\/www.skelleftejazz.se\/index.php?rest_route=\/wp\/v2\/users\/1"}],"replies":[{"embeddable":true,"href":"https:\/\/www.skelleftejazz.se\/index.php?rest_route=%2Fwp%2Fv2%2Fcomments&post=4895"}],"version-history":[{"count":3,"href":"https:\/\/www.skelleftejazz.se\/index.php?rest_route=\/wp\/v2\/posts\/4895\/revisions"}],"predecessor-version":[{"id":4904,"href":"https:\/\/www.skelleftejazz.se\/index.php?rest_route=\/wp\/v2\/posts\/4895\/revisions\/4904"}],"wp:attachment":[{"href":"https:\/\/www.skelleftejazz.se\/index.php?rest_route=%2Fwp%2Fv2%2Fmedia&parent=4895"}],"wp:term":[{"taxonomy":"category","embeddable":true,"href":"https:\/\/www.skelleftejazz.se\/index.php?rest_route=%2Fwp%2Fv2%2Fcategories&post=4895"},{"taxonomy":"post_tag","embeddable":true,"href":"https:\/\/www.skelleftejazz.se\/index.php?rest_route=%2Fwp%2Fv2%2Ftags&post=4895"}],"curies":[{"name":"wp","href":"https:\/\/api.w.org\/{rel}","templated":true}]}}