{"id":4817,"date":"2022-12-04T21:29:12","date_gmt":"2022-12-04T20:29:12","guid":{"rendered":"https:\/\/www.skelleftejazz.se\/?p=4817"},"modified":"2022-12-04T21:29:12","modified_gmt":"2022-12-04T20:29:12","slug":"lordag-2022-12-10-kl-1300-erik-palmberg","status":"publish","type":"post","link":"https:\/\/www.skelleftejazz.se\/?p=4817","title":{"rendered":"L\u00f6rdag 2022-12-10 kl 13:00 Erik Palmberg"},"content":{"rendered":"\n<p>Lineup:<br>Erik Palmberg \u2013 trumpet, flygelhorn, Anton Dromberg \u2013 piano, Niklas Wennstr\u00f6m \u2013 kontrabas, Sebastian Voegler \u2013 trummor, Hampus T. Adami \u2013 barytonhorn, trombon.<\/p>\n\n\n\n<p>Kolla in denna lilla film: \u2013&gt;<a rel=\"noreferrer noopener\" href=\"https:\/\/www.youtube.com\/watch?v=jMdpDqGAEgw\" target=\"_blank\"><strong>FILM<\/strong><\/a><\/p>\n\n\n\n<p>Erik Palmberg har bes\u00f6kt oss tidigare (med Karin Hammar som g\u00e4st). Denna g\u00e5ng kommer Hampus T. Adami med sitt barytonhorn, ett lite mer ovanligt instrument i sammanhang som dessa. Men det \u00e4r snyggt. En t\u00e4mligen nyinspelad skiva,\u00a0<strong>In Between, 3e dec<\/strong>\u00a0(Prophone \u2013 Naxos) har nu f\u00e5tt m\u00e5nga positiva recensioner och kommentarer! Den f\u00f6ljer s\u00e4kert med till oss! Den vann dessutom l\u00e4saromr\u00f6stningen till Gyllene Skivan.<\/p>\n\n\n\n<figure class=\"wp-block-image size-full\"><a href=\"https:\/\/www.skelleftejazz.se\/wp-content\/uploads\/2022\/09\/erikp.webp\"><img loading=\"lazy\" decoding=\"async\" width=\"960\" height=\"601\" src=\"https:\/\/www.skelleftejazz.se\/wp-content\/uploads\/2022\/09\/erikp.webp\" alt=\"\" class=\"wp-image-4775\" srcset=\"https:\/\/www.skelleftejazz.se\/wp-content\/uploads\/2022\/09\/erikp.webp 960w, https:\/\/www.skelleftejazz.se\/wp-content\/uploads\/2022\/09\/erikp-300x188.webp 300w, https:\/\/www.skelleftejazz.se\/wp-content\/uploads\/2022\/09\/erikp-768x481.webp 768w\" sizes=\"auto, (max-width: 960px) 100vw, 960px\" \/><\/a><figcaption class=\"wp-element-caption\">Erik Palmberg<\/figcaption><\/figure>\n\n\n\n<p>Detta \u00e4r den sista konserten f\u00f6r terminen, sedan blir det Jul!<\/p>\n","protected":false},"excerpt":{"rendered":"<p>Lineup:Erik Palmberg \u2013 trumpet, flygelhorn, Anton Dromberg \u2013 piano, Niklas Wennstr\u00f6m \u2013 kontrabas, Sebastian Voegler \u2013 trummor, Hampus T. Adami \u2013 barytonhorn, trombon. Kolla in denna lilla film: \u2013&gt;FILM Erik Palmberg har bes\u00f6kt oss tidigare (med Karin Hammar som g\u00e4st). Denna g\u00e5ng kommer Hampus T. Adami med sitt barytonhorn, ett lite mer ovanligt instrument i&hellip; <a href=\"https:\/\/www.skelleftejazz.se\/?p=4817\" class=\"read-more\">Forts\u00e4tt l\u00e4sa L\u00f6rdag 2022-12-10 kl 13:00 Erik Palmberg<\/a><\/p>\n","protected":false},"author":1,"featured_media":0,"comment_status":"closed","ping_status":"open","sticky":false,"template":"","format":"standard","meta":{"footnotes":""},"categories":[4],"tags":[],"class_list":["post-4817","post","type-post","status-publish","format-standard","hentry","category-uncategorized-2"],"_links":{"self":[{"href":"https:\/\/www.skelleftejazz.se\/index.php?rest_route=\/wp\/v2\/posts\/4817","targetHints":{"allow":["GET"]}}],"collection":[{"href":"https:\/\/www.skelleftejazz.se\/index.php?rest_route=\/wp\/v2\/posts"}],"about":[{"href":"https:\/\/www.skelleftejazz.se\/index.php?rest_route=\/wp\/v2\/types\/post"}],"author":[{"embeddable":true,"href":"https:\/\/www.skelleftejazz.se\/index.php?rest_route=\/wp\/v2\/users\/1"}],"replies":[{"embeddable":true,"href":"https:\/\/www.skelleftejazz.se\/index.php?rest_route=%2Fwp%2Fv2%2Fcomments&post=4817"}],"version-history":[{"count":1,"href":"https:\/\/www.skelleftejazz.se\/index.php?rest_route=\/wp\/v2\/posts\/4817\/revisions"}],"predecessor-version":[{"id":4818,"href":"https:\/\/www.skelleftejazz.se\/index.php?rest_route=\/wp\/v2\/posts\/4817\/revisions\/4818"}],"wp:attachment":[{"href":"https:\/\/www.skelleftejazz.se\/index.php?rest_route=%2Fwp%2Fv2%2Fmedia&parent=4817"}],"wp:term":[{"taxonomy":"category","embeddable":true,"href":"https:\/\/www.skelleftejazz.se\/index.php?rest_route=%2Fwp%2Fv2%2Fcategories&post=4817"},{"taxonomy":"post_tag","embeddable":true,"href":"https:\/\/www.skelleftejazz.se\/index.php?rest_route=%2Fwp%2Fv2%2Ftags&post=4817"}],"curies":[{"name":"wp","href":"https:\/\/api.w.org\/{rel}","templated":true}]}}