{"id":4704,"date":"2022-05-28T21:09:49","date_gmt":"2022-05-28T20:09:49","guid":{"rendered":"http:\/\/www.skelleftejazz.se\/?p=4704"},"modified":"2022-05-28T21:09:49","modified_gmt":"2022-05-28T20:09:49","slug":"lite-storband-sa-har-borjan-pa-sommaren","status":"publish","type":"post","link":"https:\/\/www.skelleftejazz.se\/?p=4704","title":{"rendered":"Lite storband s\u00e5 h\u00e4r b\u00f6rjan p\u00e5 sommaren."},"content":{"rendered":"\n<figure class=\"wp-block-image size-large\"><a href=\"https:\/\/www.skelleftejazz.se\/wp-content\/uploads\/2022\/05\/Mygg_n.jpg\"><img loading=\"lazy\" decoding=\"async\" width=\"1024\" height=\"724\" src=\"https:\/\/www.skelleftejazz.se\/wp-content\/uploads\/2022\/05\/Mygg_n-1024x724.jpg\" alt=\"\" class=\"wp-image-4705\" srcset=\"https:\/\/www.skelleftejazz.se\/wp-content\/uploads\/2022\/05\/Mygg_n-1024x724.jpg 1024w, https:\/\/www.skelleftejazz.se\/wp-content\/uploads\/2022\/05\/Mygg_n-300x212.jpg 300w, https:\/\/www.skelleftejazz.se\/wp-content\/uploads\/2022\/05\/Mygg_n-768x543.jpg 768w, https:\/\/www.skelleftejazz.se\/wp-content\/uploads\/2022\/05\/Mygg_n-1536x1085.jpg 1536w, https:\/\/www.skelleftejazz.se\/wp-content\/uploads\/2022\/05\/Mygg_n.jpg 2048w\" sizes=\"auto, (max-width: 1024px) 100vw, 1024px\" \/><\/a><figcaption>Kicki &amp; Peter + storband = Oslagbart.<\/figcaption><\/figure>\n\n\n\n<p>Biljetter:<a href=\"https:\/\/www.tickster.com\/sv\/events\/kv53g2hmfgde1hj\/2022-06-05\/swbb-innan-myggen-kommer-i-skelleftea\" target=\"_blank\" rel=\"noreferrer noopener\"> https:\/\/www.tickster.com\/sv\/events\/kv53g2hmfgde1hj\/2022-06-05\/swbb-innan-myggen-kommer-i-skelleftea<\/a><\/p>\n","protected":false},"excerpt":{"rendered":"<p>Biljetter: https:\/\/www.tickster.com\/sv\/events\/kv53g2hmfgde1hj\/2022-06-05\/swbb-innan-myggen-kommer-i-skelleftea<\/p>\n","protected":false},"author":1,"featured_media":0,"comment_status":"closed","ping_status":"open","sticky":false,"template":"","format":"standard","meta":{"footnotes":""},"categories":[4],"tags":[],"class_list":["post-4704","post","type-post","status-publish","format-standard","hentry","category-uncategorized-2"],"_links":{"self":[{"href":"https:\/\/www.skelleftejazz.se\/index.php?rest_route=\/wp\/v2\/posts\/4704","targetHints":{"allow":["GET"]}}],"collection":[{"href":"https:\/\/www.skelleftejazz.se\/index.php?rest_route=\/wp\/v2\/posts"}],"about":[{"href":"https:\/\/www.skelleftejazz.se\/index.php?rest_route=\/wp\/v2\/types\/post"}],"author":[{"embeddable":true,"href":"https:\/\/www.skelleftejazz.se\/index.php?rest_route=\/wp\/v2\/users\/1"}],"replies":[{"embeddable":true,"href":"https:\/\/www.skelleftejazz.se\/index.php?rest_route=%2Fwp%2Fv2%2Fcomments&post=4704"}],"version-history":[{"count":1,"href":"https:\/\/www.skelleftejazz.se\/index.php?rest_route=\/wp\/v2\/posts\/4704\/revisions"}],"predecessor-version":[{"id":4706,"href":"https:\/\/www.skelleftejazz.se\/index.php?rest_route=\/wp\/v2\/posts\/4704\/revisions\/4706"}],"wp:attachment":[{"href":"https:\/\/www.skelleftejazz.se\/index.php?rest_route=%2Fwp%2Fv2%2Fmedia&parent=4704"}],"wp:term":[{"taxonomy":"category","embeddable":true,"href":"https:\/\/www.skelleftejazz.se\/index.php?rest_route=%2Fwp%2Fv2%2Fcategories&post=4704"},{"taxonomy":"post_tag","embeddable":true,"href":"https:\/\/www.skelleftejazz.se\/index.php?rest_route=%2Fwp%2Fv2%2Ftags&post=4704"}],"curies":[{"name":"wp","href":"https:\/\/api.w.org\/{rel}","templated":true}]}}