{"id":4699,"date":"2022-05-01T23:18:54","date_gmt":"2022-05-01T22:18:54","guid":{"rendered":"http:\/\/www.skelleftejazz.se\/?p=4699"},"modified":"2022-05-01T23:18:54","modified_gmt":"2022-05-01T22:18:54","slug":"paus-i-vantan-pa-sommar","status":"publish","type":"post","link":"https:\/\/www.skelleftejazz.se\/?p=4699","title":{"rendered":"Paus, i v\u00e4ntan p\u00e5 sommar&#8230;"},"content":{"rendered":"\n<figure class=\"wp-block-image size-large\"><a href=\"https:\/\/www.skelleftejazz.se\/wp-content\/uploads\/2022\/05\/IMG_1642-scaled.jpg\"><img loading=\"lazy\" decoding=\"async\" width=\"1024\" height=\"678\" src=\"https:\/\/www.skelleftejazz.se\/wp-content\/uploads\/2022\/05\/IMG_1642-1024x678.jpg\" alt=\"\" class=\"wp-image-4700\" srcset=\"https:\/\/www.skelleftejazz.se\/wp-content\/uploads\/2022\/05\/IMG_1642-1024x678.jpg 1024w, https:\/\/www.skelleftejazz.se\/wp-content\/uploads\/2022\/05\/IMG_1642-300x199.jpg 300w, https:\/\/www.skelleftejazz.se\/wp-content\/uploads\/2022\/05\/IMG_1642-768x509.jpg 768w, https:\/\/www.skelleftejazz.se\/wp-content\/uploads\/2022\/05\/IMG_1642-1536x1017.jpg 1536w, https:\/\/www.skelleftejazz.se\/wp-content\/uploads\/2022\/05\/IMG_1642-2048x1356.jpg 2048w\" sizes=\"auto, (max-width: 1024px) 100vw, 1024px\" \/><\/a><figcaption>Jakob och Olle i Nordan\u00e5parken 2018. Som exempel p\u00e5 vad man kan hitta p\u00e5 n\u00e4r det \u00e4r sommar!<\/figcaption><\/figure>\n","protected":false},"excerpt":{"rendered":"","protected":false},"author":1,"featured_media":0,"comment_status":"closed","ping_status":"open","sticky":false,"template":"","format":"standard","meta":{"footnotes":""},"categories":[4],"tags":[],"class_list":["post-4699","post","type-post","status-publish","format-standard","hentry","category-uncategorized-2"],"_links":{"self":[{"href":"https:\/\/www.skelleftejazz.se\/index.php?rest_route=\/wp\/v2\/posts\/4699","targetHints":{"allow":["GET"]}}],"collection":[{"href":"https:\/\/www.skelleftejazz.se\/index.php?rest_route=\/wp\/v2\/posts"}],"about":[{"href":"https:\/\/www.skelleftejazz.se\/index.php?rest_route=\/wp\/v2\/types\/post"}],"author":[{"embeddable":true,"href":"https:\/\/www.skelleftejazz.se\/index.php?rest_route=\/wp\/v2\/users\/1"}],"replies":[{"embeddable":true,"href":"https:\/\/www.skelleftejazz.se\/index.php?rest_route=%2Fwp%2Fv2%2Fcomments&post=4699"}],"version-history":[{"count":1,"href":"https:\/\/www.skelleftejazz.se\/index.php?rest_route=\/wp\/v2\/posts\/4699\/revisions"}],"predecessor-version":[{"id":4701,"href":"https:\/\/www.skelleftejazz.se\/index.php?rest_route=\/wp\/v2\/posts\/4699\/revisions\/4701"}],"wp:attachment":[{"href":"https:\/\/www.skelleftejazz.se\/index.php?rest_route=%2Fwp%2Fv2%2Fmedia&parent=4699"}],"wp:term":[{"taxonomy":"category","embeddable":true,"href":"https:\/\/www.skelleftejazz.se\/index.php?rest_route=%2Fwp%2Fv2%2Fcategories&post=4699"},{"taxonomy":"post_tag","embeddable":true,"href":"https:\/\/www.skelleftejazz.se\/index.php?rest_route=%2Fwp%2Fv2%2Ftags&post=4699"}],"curies":[{"name":"wp","href":"https:\/\/api.w.org\/{rel}","templated":true}]}}