{"id":4681,"date":"2022-03-28T22:31:22","date_gmt":"2022-03-28T21:31:22","guid":{"rendered":"http:\/\/www.skelleftejazz.se\/?p=4681"},"modified":"2022-03-29T11:02:43","modified_gmt":"2022-03-29T10:02:43","slug":"mycke-nu-bade-arsmote-och-musik","status":"publish","type":"post","link":"https:\/\/www.skelleftejazz.se\/?p=4681","title":{"rendered":"Mycke nu! B\u00e5de \u00e5rsm\u00f6te och musik"},"content":{"rendered":"\n<p><strong>Torsdag 2022-04-07 kl 18:00 \u00c5rsm\u00f6te<\/strong><br>Plats: Stigs konditori, Alla medlemmar h\u00e4lsas v\u00e4lkomna, vi bjuder p\u00e5 fika.<\/p>\n\n\n\n<p><strong>L\u00f6rdag 2022-04-09 kl 12:30 Dicks lilla storband &amp; V\u00e5ning6<\/strong> (OBS Tiden!)<br>Plats: DFC Laboratorgr\u00e4nd<\/p>\n\n\n\n<p><strong><mark style=\"background-color:#0693e3\" class=\"has-inline-color has-luminous-vivid-amber-color\">OBS! Musik redan fr\u00e5n 12:30.<\/mark><\/strong> Ett f\u00f6rband fr\u00e5n Lunnevads folkh\u00f6gskola b\u00f6rjar spela lite innan \u201dnormal tid\u201d och sedan kommer Dicks lilla storband n\u00e5gon halvtimme d\u00e4refter. Och kanske samsas man i n\u00e5got slutnummer.<\/p>\n\n\n\n<figure class=\"wp-block-image size-full\"><a href=\"https:\/\/www.skelleftejazz.se\/wp-content\/uploads\/2022\/03\/XY.jpg\"><img loading=\"lazy\" decoding=\"async\" width=\"1004\" height=\"479\" src=\"https:\/\/www.skelleftejazz.se\/wp-content\/uploads\/2022\/03\/XY.jpg\" alt=\"\" class=\"wp-image-4683\" srcset=\"https:\/\/www.skelleftejazz.se\/wp-content\/uploads\/2022\/03\/XY.jpg 1004w, https:\/\/www.skelleftejazz.se\/wp-content\/uploads\/2022\/03\/XY-300x143.jpg 300w, https:\/\/www.skelleftejazz.se\/wp-content\/uploads\/2022\/03\/XY-768x366.jpg 768w\" sizes=\"auto, (max-width: 1004px) 100vw, 1004px\" \/><\/a><\/figure>\n\n\n\n<div class=\"wp-block-group\"><div class=\"wp-block-group__inner-container is-layout-flow wp-block-group-is-layout-flow\">\n<p><strong>V\u00e5ning6<\/strong> som kommer fr\u00e5n Lunnevads folkh\u00f6gskola<br>Gruppen \u00e4r en sextett som best\u00e5r av: Samuel Lejonclou: Saxofon, Alvin Jonsson*: Trumpet, Alexander Eriksson*: Trombon, Elia Tellstr\u00f6m: Gitarr, Jakob H\u00e4llgren*: Bas, Gustav Lind: Trummor<br>* Har erh\u00e5llit Jazzklubbens utm\u00e4rkelse \u201dJazzmyran\u201d<\/p>\n\n\n\n<p><strong>Dick Grubbstr\u00f6ms lilla storband<\/strong><br>Musiker \u00e4r Erik Holmstr\u00f6m \u2013 trummor, \u00c5ke \u00d6stman \u2013 gitarr, Tommy Forsell \u2013 bas, Erik Marklund \u2013 trumpet, Lage Johansson \u2013 altsax, Jan-Erik Sundkvist \u2013 tenorsax, Stefan Lindberg \u2013 tenorsax, Olle Markstr\u00f6m \u2013 barytonsax och Dick Grubbstr\u00f6m \u2013 piano och framf\u00f6r dem s\u00e5ngerskan Ullrika Lundmark!<\/p>\n<\/div><\/div>\n","protected":false},"excerpt":{"rendered":"<p>Torsdag 2022-04-07 kl 18:00 \u00c5rsm\u00f6tePlats: Stigs konditori, Alla medlemmar h\u00e4lsas v\u00e4lkomna, vi bjuder p\u00e5 fika. L\u00f6rdag 2022-04-09 kl 12:30 Dicks lilla storband &amp; V\u00e5ning6 (OBS Tiden!)Plats: DFC Laboratorgr\u00e4nd OBS! Musik redan fr\u00e5n 12:30. Ett f\u00f6rband fr\u00e5n Lunnevads folkh\u00f6gskola b\u00f6rjar spela lite innan \u201dnormal tid\u201d och sedan kommer Dicks lilla storband n\u00e5gon halvtimme d\u00e4refter. Och kanske&hellip; <a href=\"https:\/\/www.skelleftejazz.se\/?p=4681\" class=\"read-more\">Forts\u00e4tt l\u00e4sa Mycke nu! B\u00e5de \u00e5rsm\u00f6te och musik<\/a><\/p>\n","protected":false},"author":1,"featured_media":0,"comment_status":"closed","ping_status":"open","sticky":false,"template":"","format":"standard","meta":{"footnotes":""},"categories":[4],"tags":[],"class_list":["post-4681","post","type-post","status-publish","format-standard","hentry","category-uncategorized-2"],"_links":{"self":[{"href":"https:\/\/www.skelleftejazz.se\/index.php?rest_route=\/wp\/v2\/posts\/4681","targetHints":{"allow":["GET"]}}],"collection":[{"href":"https:\/\/www.skelleftejazz.se\/index.php?rest_route=\/wp\/v2\/posts"}],"about":[{"href":"https:\/\/www.skelleftejazz.se\/index.php?rest_route=\/wp\/v2\/types\/post"}],"author":[{"embeddable":true,"href":"https:\/\/www.skelleftejazz.se\/index.php?rest_route=\/wp\/v2\/users\/1"}],"replies":[{"embeddable":true,"href":"https:\/\/www.skelleftejazz.se\/index.php?rest_route=%2Fwp%2Fv2%2Fcomments&post=4681"}],"version-history":[{"count":2,"href":"https:\/\/www.skelleftejazz.se\/index.php?rest_route=\/wp\/v2\/posts\/4681\/revisions"}],"predecessor-version":[{"id":4685,"href":"https:\/\/www.skelleftejazz.se\/index.php?rest_route=\/wp\/v2\/posts\/4681\/revisions\/4685"}],"wp:attachment":[{"href":"https:\/\/www.skelleftejazz.se\/index.php?rest_route=%2Fwp%2Fv2%2Fmedia&parent=4681"}],"wp:term":[{"taxonomy":"category","embeddable":true,"href":"https:\/\/www.skelleftejazz.se\/index.php?rest_route=%2Fwp%2Fv2%2Fcategories&post=4681"},{"taxonomy":"post_tag","embeddable":true,"href":"https:\/\/www.skelleftejazz.se\/index.php?rest_route=%2Fwp%2Fv2%2Ftags&post=4681"}],"curies":[{"name":"wp","href":"https:\/\/api.w.org\/{rel}","templated":true}]}}