{"id":4679,"date":"2022-03-22T18:18:57","date_gmt":"2022-03-22T17:18:57","guid":{"rendered":"http:\/\/www.skelleftejazz.se\/?p=4679"},"modified":"2022-03-22T18:18:57","modified_gmt":"2022-03-22T17:18:57","slug":"lordag-2022-03-26-1300-bengan-jansson-extra-kafe","status":"publish","type":"post","link":"https:\/\/www.skelleftejazz.se\/?p=4679","title":{"rendered":"L\u00f6rdag 2022-03-26 13:00 Bengan Jansson Extra kaf\u00e9"},"content":{"rendered":"\n<p>Plats DFC<\/p>\n\n\n\n<p>K\u00e4nnetecknande f\u00f6r Bengans konserter \u00e4r humor, ett n\u00e4rmast osannolikt musikaliskt kunnande och en n\u00e4ra kontakt med sin publik. Han r\u00f6r sig lika l\u00e4tt i jazz som folkmusik, visa och musik-komik. En och annan Alla Edwall l\u00e5t\/anekdot f\u00e5r ofta komma med upp p\u00e5 scenen.&nbsp; De flesta av oss l\u00e4rde nog k\u00e4nna Bengan p\u00e5 90 talet efter mer \u00e4n 100 timmar p\u00e5 SVT tillsammans med \u00d6sten med Resten. Sedan dess har han bland annat medverkat som k\u00f6rledare i K\u00f6rslaget och Alls\u00e5ng p\u00e5 Skansen. Han har f\u00e5tt en Grammis i kategorin folkmusik, Monika Z priset och KaRAMELodiktstipendiet 2021.<\/p>\n\n\n\n<p>Bengan Janson \u2013 Dragspel, Arne Eriksson \u2013 Kontrabas, Rickard Sandstr\u00f6m \u2013 Gitarr<\/p>\n\n\n\n<p>Biljett s\u00e4ljs vid d\u00f6rren, medlem 125 ej medlem 175, skolungdom gratis.<\/p>\n\n\n\n<figure class=\"wp-block-image size-full is-style-rounded\"><a href=\"https:\/\/www.skelleftejazz.se\/wp-content\/uploads\/2022\/03\/bengan_jansson_01-845x1024-1.jpg\"><img loading=\"lazy\" decoding=\"async\" width=\"845\" height=\"1024\" src=\"https:\/\/www.skelleftejazz.se\/wp-content\/uploads\/2022\/03\/bengan_jansson_01-845x1024-1.jpg\" alt=\"\" class=\"wp-image-4673\" srcset=\"https:\/\/www.skelleftejazz.se\/wp-content\/uploads\/2022\/03\/bengan_jansson_01-845x1024-1.jpg 845w, https:\/\/www.skelleftejazz.se\/wp-content\/uploads\/2022\/03\/bengan_jansson_01-845x1024-1-248x300.jpg 248w, https:\/\/www.skelleftejazz.se\/wp-content\/uploads\/2022\/03\/bengan_jansson_01-845x1024-1-768x931.jpg 768w\" sizes=\"auto, (max-width: 845px) 100vw, 845px\" \/><\/a><figcaption>Bengan med dragspelet i famn och en hel flock r\u00e4var bakom \u00f6rat!<\/figcaption><\/figure>\n","protected":false},"excerpt":{"rendered":"<p>Plats DFC K\u00e4nnetecknande f\u00f6r Bengans konserter \u00e4r humor, ett n\u00e4rmast osannolikt musikaliskt kunnande och en n\u00e4ra kontakt med sin publik. Han r\u00f6r sig lika l\u00e4tt i jazz som folkmusik, visa och musik-komik. En och annan Alla Edwall l\u00e5t\/anekdot f\u00e5r ofta komma med upp p\u00e5 scenen.&nbsp; De flesta av oss l\u00e4rde nog k\u00e4nna Bengan p\u00e5 90&hellip; <a href=\"https:\/\/www.skelleftejazz.se\/?p=4679\" class=\"read-more\">Forts\u00e4tt l\u00e4sa L\u00f6rdag 2022-03-26 13:00 Bengan Jansson Extra kaf\u00e9<\/a><\/p>\n","protected":false},"author":1,"featured_media":0,"comment_status":"closed","ping_status":"open","sticky":false,"template":"","format":"standard","meta":{"footnotes":""},"categories":[4],"tags":[],"class_list":["post-4679","post","type-post","status-publish","format-standard","hentry","category-uncategorized-2"],"_links":{"self":[{"href":"https:\/\/www.skelleftejazz.se\/index.php?rest_route=\/wp\/v2\/posts\/4679","targetHints":{"allow":["GET"]}}],"collection":[{"href":"https:\/\/www.skelleftejazz.se\/index.php?rest_route=\/wp\/v2\/posts"}],"about":[{"href":"https:\/\/www.skelleftejazz.se\/index.php?rest_route=\/wp\/v2\/types\/post"}],"author":[{"embeddable":true,"href":"https:\/\/www.skelleftejazz.se\/index.php?rest_route=\/wp\/v2\/users\/1"}],"replies":[{"embeddable":true,"href":"https:\/\/www.skelleftejazz.se\/index.php?rest_route=%2Fwp%2Fv2%2Fcomments&post=4679"}],"version-history":[{"count":1,"href":"https:\/\/www.skelleftejazz.se\/index.php?rest_route=\/wp\/v2\/posts\/4679\/revisions"}],"predecessor-version":[{"id":4680,"href":"https:\/\/www.skelleftejazz.se\/index.php?rest_route=\/wp\/v2\/posts\/4679\/revisions\/4680"}],"wp:attachment":[{"href":"https:\/\/www.skelleftejazz.se\/index.php?rest_route=%2Fwp%2Fv2%2Fmedia&parent=4679"}],"wp:term":[{"taxonomy":"category","embeddable":true,"href":"https:\/\/www.skelleftejazz.se\/index.php?rest_route=%2Fwp%2Fv2%2Fcategories&post=4679"},{"taxonomy":"post_tag","embeddable":true,"href":"https:\/\/www.skelleftejazz.se\/index.php?rest_route=%2Fwp%2Fv2%2Ftags&post=4679"}],"curies":[{"name":"wp","href":"https:\/\/api.w.org\/{rel}","templated":true}]}}