{"id":4663,"date":"2022-03-08T22:34:33","date_gmt":"2022-03-08T21:34:33","guid":{"rendered":"http:\/\/www.skelleftejazz.se\/?p=4663"},"modified":"2022-03-11T20:18:13","modified_gmt":"2022-03-11T19:18:13","slug":"lordag-2022-03-19-kl-1300-bostromsbackens-vanner-pa-din-fest-campus","status":"publish","type":"post","link":"https:\/\/www.skelleftejazz.se\/?p=4663","title":{"rendered":"L\u00f6rdag 2022-03-19 kl 13:00 Bostr\u00f6msb\u00e4ckens V\u00e4nner p\u00e5 Din Fest Campus."},"content":{"rendered":"\n<p>Hur denna kvintett egentligen f\u00e5tt sitt namn \u00e4r h\u00f6ljt i visst dunkel och dimma men en bidragande orsak kan vara att ing\u00e5ende musiker har f\u00f6r vana att repetera p\u00e5 onsdagar f\u00f6re lunch och sedan ta en promenad in till stadens centrum och d\u00e5 alltid samvetsgrant kontrollerat status p\u00e5 Bostr\u00f6msb\u00e4cken, tex. vattenst\u00e5nd, uppskattad temperatur och viskositet, antal flytande \u00f6lburkar och antal nedsl\u00e4ngda cyklar mm.<br><strong>Bostr\u00f6msb\u00e4ckens v\u00e4nner&nbsp;<\/strong>best\u00e5r av Tor Holmstr\u00f6m \u2013 piano, Magnus Bergner \u2013 bas, Torsten Andersson \u2013 trummor medan Lage Johansson och Mats \u00c5kerstr\u00f6m trakterar diverse saxofoner.<\/p>\n\n\n\n<p> Det dyker ocks\u00e5 upp en sjungande g\u00e4st p\u00e5 n\u00e5gra nummer. \u00c5sa Granlund Jonsson har lovat f\u00f6rst\u00e4rka bandet vilket k\u00e4nns v\u00e4ldigt trevligt.<img loading=\"lazy\" decoding=\"async\" width=\"1024\" height=\"503\" srcset=\"https:\/\/www.skelleftejazz.se\/wp-content\/uploads\/2021\/08\/bostromsbackens-1024x503.jpg 1024w, https:\/\/www.skelleftejazz.se\/wp-content\/uploads\/2021\/08\/bostromsbackens-300x147.jpg 300w, https:\/\/www.skelleftejazz.se\/wp-content\/uploads\/2021\/08\/bostromsbackens-768x377.jpg 768w, https:\/\/www.skelleftejazz.se\/wp-content\/uploads\/2021\/08\/bostromsbackens.jpg 1294w\" src=\"https:\/\/www.skelleftejazz.se\/wp-content\/uploads\/2021\/08\/bostromsbackens-1024x503.jpg\" alt=\"\"><\/p>\n\n\n\n<p>Bostr\u00f6msb\u00e4ckens v\u00e4nner<\/p>\n\n\n\n<p>Fri entr\u00e9 f\u00f6r medlemmar och ungdomar, \u00f6vriga 150.- <br>(Man kan bli medlem direkt vid d\u00f6rren om man vill)<\/p>\n","protected":false},"excerpt":{"rendered":"<p>Hur denna kvintett egentligen f\u00e5tt sitt namn \u00e4r h\u00f6ljt i visst dunkel och dimma men en bidragande orsak kan vara att ing\u00e5ende musiker har f\u00f6r vana att repetera p\u00e5 onsdagar f\u00f6re lunch och sedan ta en promenad in till stadens centrum och d\u00e5 alltid samvetsgrant kontrollerat status p\u00e5 Bostr\u00f6msb\u00e4cken, tex. vattenst\u00e5nd, uppskattad temperatur och viskositet,&hellip; <a href=\"https:\/\/www.skelleftejazz.se\/?p=4663\" class=\"read-more\">Forts\u00e4tt l\u00e4sa L\u00f6rdag 2022-03-19 kl 13:00 Bostr\u00f6msb\u00e4ckens V\u00e4nner p\u00e5 Din Fest Campus.<\/a><\/p>\n","protected":false},"author":1,"featured_media":0,"comment_status":"closed","ping_status":"open","sticky":false,"template":"","format":"standard","meta":{"footnotes":""},"categories":[4],"tags":[],"class_list":["post-4663","post","type-post","status-publish","format-standard","hentry","category-uncategorized-2"],"_links":{"self":[{"href":"https:\/\/www.skelleftejazz.se\/index.php?rest_route=\/wp\/v2\/posts\/4663","targetHints":{"allow":["GET"]}}],"collection":[{"href":"https:\/\/www.skelleftejazz.se\/index.php?rest_route=\/wp\/v2\/posts"}],"about":[{"href":"https:\/\/www.skelleftejazz.se\/index.php?rest_route=\/wp\/v2\/types\/post"}],"author":[{"embeddable":true,"href":"https:\/\/www.skelleftejazz.se\/index.php?rest_route=\/wp\/v2\/users\/1"}],"replies":[{"embeddable":true,"href":"https:\/\/www.skelleftejazz.se\/index.php?rest_route=%2Fwp%2Fv2%2Fcomments&post=4663"}],"version-history":[{"count":4,"href":"https:\/\/www.skelleftejazz.se\/index.php?rest_route=\/wp\/v2\/posts\/4663\/revisions"}],"predecessor-version":[{"id":4670,"href":"https:\/\/www.skelleftejazz.se\/index.php?rest_route=\/wp\/v2\/posts\/4663\/revisions\/4670"}],"wp:attachment":[{"href":"https:\/\/www.skelleftejazz.se\/index.php?rest_route=%2Fwp%2Fv2%2Fmedia&parent=4663"}],"wp:term":[{"taxonomy":"category","embeddable":true,"href":"https:\/\/www.skelleftejazz.se\/index.php?rest_route=%2Fwp%2Fv2%2Fcategories&post=4663"},{"taxonomy":"post_tag","embeddable":true,"href":"https:\/\/www.skelleftejazz.se\/index.php?rest_route=%2Fwp%2Fv2%2Ftags&post=4663"}],"curies":[{"name":"wp","href":"https:\/\/api.w.org\/{rel}","templated":true}]}}