{"id":4598,"date":"2022-01-17T01:31:50","date_gmt":"2022-01-17T00:31:50","guid":{"rendered":"http:\/\/www.skelleftejazz.se\/?p=4598"},"modified":"2022-02-04T00:13:06","modified_gmt":"2022-02-03T23:13:06","slug":"varen-ar-har","status":"publish","type":"post","link":"https:\/\/www.skelleftejazz.se\/?p=4598","title":{"rendered":"V\u00e5ren \u00e4r h\u00e4r och f\u00e4rre restriktioner!"},"content":{"rendered":"\n<p>Aktuellt program hittar du &#8211;> <a href=\"https:\/\/www.skelleftejazz.se\/?page_id=4581\"><strong><mark style=\"background-color:rgba(0, 0, 0, 0)\" class=\"has-inline-color has-vivid-cyan-blue-color\">H\u00c4R<\/mark><\/strong><\/a><\/p>\n\n\n\n<p>F\u00f6ljande g\u00e4ller from 9 februari:<\/p>\n\n\n\n<ul class=\"wp-block-list\"><li>Vi kommer att kunna s\u00e4lja biljetter vid d\u00f6rren igen<\/li><li>Inget vaccinationsbevis beh\u00f6vs<\/li><li>Man m\u00e5ste dock t\u00e4nka sig f\u00f6r, h\u00e5lla avst\u00e5nd och inte kramas i on\u00f6dan<\/li><\/ul>\n\n\n\n<hr class=\"wp-block-separator\"\/>\n\n\n\n<p>N\u00e4r vi har f\u00f6rk\u00f6p\u00a0g\u00f6rs det p\u00e5 Visit Skellefte\u00e5 Tr\u00e4dg\u00e5rdsgatan 7, tel 0910-45 25 10 eller p\u00e5 \u2013>\u00a0<a rel=\"noreferrer noopener\" href=\"https:\/\/www.ticketmaster.se\/?gclid=EAIaIQobChMI-uW77oa-9QIVawWiAx2EhAVZEAAYASAAEgI5zvD_BwE&amp;gclsrc=aw.ds\" target=\"_blank\"><strong>Ticketmaster<\/strong><\/a><\/p>\n\n\n\n<p>Efter 9\/2 kommer de flesta konserter att bara ha biljettf\u00f6rs\u00e4ljning vid d\u00f6rren. (Undantag finns)<\/p>\n","protected":false},"excerpt":{"rendered":"<p>Aktuellt program hittar du &#8211;> H\u00c4R F\u00f6ljande g\u00e4ller from 9 februari: Vi kommer att kunna s\u00e4lja biljetter vid d\u00f6rren igen Inget vaccinationsbevis beh\u00f6vs Man m\u00e5ste dock t\u00e4nka sig f\u00f6r, h\u00e5lla avst\u00e5nd och inte kramas i on\u00f6dan N\u00e4r vi har f\u00f6rk\u00f6p\u00a0g\u00f6rs det p\u00e5 Visit Skellefte\u00e5 Tr\u00e4dg\u00e5rdsgatan 7, tel 0910-45 25 10 eller p\u00e5 \u2013>\u00a0Ticketmaster Efter 9\/2&hellip; <a href=\"https:\/\/www.skelleftejazz.se\/?p=4598\" class=\"read-more\">Forts\u00e4tt l\u00e4sa V\u00e5ren \u00e4r h\u00e4r och f\u00e4rre restriktioner!<\/a><\/p>\n","protected":false},"author":1,"featured_media":0,"comment_status":"closed","ping_status":"open","sticky":false,"template":"","format":"standard","meta":{"footnotes":""},"categories":[4],"tags":[],"class_list":["post-4598","post","type-post","status-publish","format-standard","hentry","category-uncategorized-2"],"_links":{"self":[{"href":"https:\/\/www.skelleftejazz.se\/index.php?rest_route=\/wp\/v2\/posts\/4598","targetHints":{"allow":["GET"]}}],"collection":[{"href":"https:\/\/www.skelleftejazz.se\/index.php?rest_route=\/wp\/v2\/posts"}],"about":[{"href":"https:\/\/www.skelleftejazz.se\/index.php?rest_route=\/wp\/v2\/types\/post"}],"author":[{"embeddable":true,"href":"https:\/\/www.skelleftejazz.se\/index.php?rest_route=\/wp\/v2\/users\/1"}],"replies":[{"embeddable":true,"href":"https:\/\/www.skelleftejazz.se\/index.php?rest_route=%2Fwp%2Fv2%2Fcomments&post=4598"}],"version-history":[{"count":4,"href":"https:\/\/www.skelleftejazz.se\/index.php?rest_route=\/wp\/v2\/posts\/4598\/revisions"}],"predecessor-version":[{"id":4640,"href":"https:\/\/www.skelleftejazz.se\/index.php?rest_route=\/wp\/v2\/posts\/4598\/revisions\/4640"}],"wp:attachment":[{"href":"https:\/\/www.skelleftejazz.se\/index.php?rest_route=%2Fwp%2Fv2%2Fmedia&parent=4598"}],"wp:term":[{"taxonomy":"category","embeddable":true,"href":"https:\/\/www.skelleftejazz.se\/index.php?rest_route=%2Fwp%2Fv2%2Fcategories&post=4598"},{"taxonomy":"post_tag","embeddable":true,"href":"https:\/\/www.skelleftejazz.se\/index.php?rest_route=%2Fwp%2Fv2%2Ftags&post=4598"}],"curies":[{"name":"wp","href":"https:\/\/api.w.org\/{rel}","templated":true}]}}