{"id":4578,"date":"2021-12-14T16:09:11","date_gmt":"2021-12-14T15:09:11","guid":{"rendered":"http:\/\/www.skelleftejazz.se\/?p=4578"},"modified":"2021-12-14T16:09:11","modified_gmt":"2021-12-14T15:09:11","slug":"tack-for-i-ar-2021","status":"publish","type":"post","link":"https:\/\/www.skelleftejazz.se\/?p=4578","title":{"rendered":"Tack f\u00f6r i \u00c5r! (2021)"},"content":{"rendered":"\n<p>S\u00e5 har vi avslutat detta av pandemin n\u00e5got f\u00f6rvirrade \u00e5r och vi ses igen i Januari\/Februari 2022.<\/p>\n\n\n\n<p>God Jul och Gott Nytt Jazz\u00e5r!<\/p>\n\n\n\n<figure class=\"wp-block-embed is-type-video is-provider-youtube wp-block-embed-youtube wp-embed-aspect-4-3 wp-has-aspect-ratio\"><div class=\"wp-block-embed__wrapper\">\n<iframe loading=\"lazy\" title=\"risgrynsgr\u00f6t med russin\" width=\"640\" height=\"480\" src=\"https:\/\/www.youtube.com\/embed\/-1uGmpdsljU?feature=oembed\" frameborder=\"0\" allow=\"accelerometer; autoplay; clipboard-write; encrypted-media; gyroscope; picture-in-picture; web-share\" referrerpolicy=\"strict-origin-when-cross-origin\" allowfullscreen><\/iframe>\n<\/div><\/figure>\n","protected":false},"excerpt":{"rendered":"<p>S\u00e5 har vi avslutat detta av pandemin n\u00e5got f\u00f6rvirrade \u00e5r och vi ses igen i Januari\/Februari 2022. God Jul och Gott Nytt Jazz\u00e5r!<\/p>\n","protected":false},"author":1,"featured_media":0,"comment_status":"closed","ping_status":"open","sticky":false,"template":"","format":"standard","meta":{"footnotes":""},"categories":[4],"tags":[],"class_list":["post-4578","post","type-post","status-publish","format-standard","hentry","category-uncategorized-2"],"_links":{"self":[{"href":"https:\/\/www.skelleftejazz.se\/index.php?rest_route=\/wp\/v2\/posts\/4578","targetHints":{"allow":["GET"]}}],"collection":[{"href":"https:\/\/www.skelleftejazz.se\/index.php?rest_route=\/wp\/v2\/posts"}],"about":[{"href":"https:\/\/www.skelleftejazz.se\/index.php?rest_route=\/wp\/v2\/types\/post"}],"author":[{"embeddable":true,"href":"https:\/\/www.skelleftejazz.se\/index.php?rest_route=\/wp\/v2\/users\/1"}],"replies":[{"embeddable":true,"href":"https:\/\/www.skelleftejazz.se\/index.php?rest_route=%2Fwp%2Fv2%2Fcomments&post=4578"}],"version-history":[{"count":1,"href":"https:\/\/www.skelleftejazz.se\/index.php?rest_route=\/wp\/v2\/posts\/4578\/revisions"}],"predecessor-version":[{"id":4579,"href":"https:\/\/www.skelleftejazz.se\/index.php?rest_route=\/wp\/v2\/posts\/4578\/revisions\/4579"}],"wp:attachment":[{"href":"https:\/\/www.skelleftejazz.se\/index.php?rest_route=%2Fwp%2Fv2%2Fmedia&parent=4578"}],"wp:term":[{"taxonomy":"category","embeddable":true,"href":"https:\/\/www.skelleftejazz.se\/index.php?rest_route=%2Fwp%2Fv2%2Fcategories&post=4578"},{"taxonomy":"post_tag","embeddable":true,"href":"https:\/\/www.skelleftejazz.se\/index.php?rest_route=%2Fwp%2Fv2%2Ftags&post=4578"}],"curies":[{"name":"wp","href":"https:\/\/api.w.org\/{rel}","templated":true}]}}