{"id":4565,"date":"2021-11-28T13:18:47","date_gmt":"2021-11-28T12:18:47","guid":{"rendered":"http:\/\/www.skelleftejazz.se\/?p=4565"},"modified":"2021-11-28T13:39:40","modified_gmt":"2021-11-28T12:39:40","slug":"fredag-2021-12-03-kl-1900-julstok-med-filip-emil","status":"publish","type":"post","link":"https:\/\/www.skelleftejazz.se\/?p=4565","title":{"rendered":"Fredag 2021-12-03 kl 19:00 \u2013 Julst\u00f6k med Filip &#038; Emil"},"content":{"rendered":"\n<p>Plats:&nbsp;<strong>Din Fest Campus<\/strong><\/p>\n\n\n\n<p>Det blir allts\u00e5 en kv\u00e4llsaktivitet med m\u00f6jlighet till mat.&nbsp;Kl 19:00 startar musiken. Redan 17:30 kan man bli insl\u00e4ppt om man vill ta en matbit. En buff\u00e9 med lax och kyckling och vad som kr\u00e4vs som tillbeh\u00f6r i form av sallader, potatis, olika s\u00e5ser och r\u00f6ror och kanske n\u00e5gon insmugglad sak av julkarakt\u00e4r. Och fullst\u00e4ndiga r\u00e4ttigheter har vi ocks\u00e5!<\/p>\n\n\n\n<p>Priserna blir 350.- inklusive mat f\u00f6r medlemmar, 375.- f\u00f6r \u00f6vriga. Hoppar man \u00f6ver maten blir det 125.- f\u00f6r medlemmar och 150.- f\u00f6r \u00f6vriga. Vi kommer att s\u00e4lja biljetter vid d\u00f6rren men vill man vara s\u00e4ker s\u00e5 \u00e4r det f\u00f6rk\u00f6p som g\u00e4ller speciellt om man vill ha mat. Skellefte\u00e5 Turistcenter tel 0910-45 25 15 eller p\u00e5&nbsp;<a rel=\"noreferrer noopener\" href=\"https:\/\/www.ticketmaster.se\/event\/julstok-med-filip-emil-biljetter\/608589\" target=\"_blank\"><strong>Ticketmaster<\/strong><\/a>. (F\u00f6rk\u00f6psavgift kan tillkomma.) <\/p>\n\n\n\n<p><strong><em><span class=\"has-inline-color has-luminous-vivid-amber-color\">Till\u00e4gg 1:<\/span> Du kan ocks\u00e5 boka matplats genom att mejla <a href=\"mailto:mats@akerstrom.nu\" target=\"_blank\" rel=\"noreferrer noopener\"><span class=\"has-inline-color has-vivid-cyan-blue-color\">mats@akerstrom.nu<\/span><\/a> och sedan betala vid d\u00f6rren. Ange antal personer!<\/em><\/strong><\/p>\n\n\n\n<p><strong><em><span class=\"has-inline-color has-luminous-vivid-amber-color\">Till\u00e4gg 2:<\/span> OBS! Enligt de senaste reglerna fr\u00e5n folkh\u00e4lsomyndigheten kr\u00e4vs vaccinationsbevis. Beslutet undantar personer under 18 \u00e5r och personer som av medicinska sk\u00e4l inte b\u00f6r vaccinera sig mot Covid-19. Ett s\u00e4tt att skaffa sig detta intyg \u00e4r att bes\u00f6ka<\/em><\/strong>  <a rel=\"noreferrer noopener\" href=\"http:\/\/www.covidbevis.se\" target=\"_blank\"><strong><span class=\"has-inline-color has-vivid-cyan-blue-color\">covidbevis.se<\/span><\/strong><\/a><\/p>\n\n\n\n<p><strong>Filip Jers &amp; Emil Ernebro<\/strong>\u00a0\u00e4r en dynamisk duo av det virtuosa slaget med munspel och gitarr som huvudingredienser. Det finns m\u00e5nga fina exempel p\u00e5 deras musik p\u00e5 Youtube, ett exempel \u2013>\u00a0<a rel=\"noreferrer noopener\" href=\"https:\/\/www.youtube.com\/watch?v=GFswqOoIjD0\" target=\"_blank\">H\u00e4r<\/a><\/p>\n\n\n\n<figure class=\"wp-block-image size-full\"><a href=\"https:\/\/www.skelleftejazz.se\/wp-content\/uploads\/2021\/11\/vaccinerad.jpg\"><img decoding=\"async\" src=\"https:\/\/www.skelleftejazz.se\/wp-content\/uploads\/2021\/11\/vaccinerad.jpg\" alt=\"\" class=\"wp-image-4567\"\/><\/a><figcaption>Emil och Filip<\/figcaption><\/figure>\n\n\n\n<p><\/p>\n","protected":false},"excerpt":{"rendered":"<p>Plats:&nbsp;Din Fest Campus Det blir allts\u00e5 en kv\u00e4llsaktivitet med m\u00f6jlighet till mat.&nbsp;Kl 19:00 startar musiken. Redan 17:30 kan man bli insl\u00e4ppt om man vill ta en matbit. En buff\u00e9 med lax och kyckling och vad som kr\u00e4vs som tillbeh\u00f6r i form av sallader, potatis, olika s\u00e5ser och r\u00f6ror och kanske n\u00e5gon insmugglad sak av julkarakt\u00e4r.&hellip; <a href=\"https:\/\/www.skelleftejazz.se\/?p=4565\" class=\"read-more\">Forts\u00e4tt l\u00e4sa Fredag 2021-12-03 kl 19:00 \u2013 Julst\u00f6k med Filip &#038; Emil<\/a><\/p>\n","protected":false},"author":1,"featured_media":0,"comment_status":"closed","ping_status":"open","sticky":false,"template":"","format":"standard","meta":{"footnotes":""},"categories":[4],"tags":[],"class_list":["post-4565","post","type-post","status-publish","format-standard","hentry","category-uncategorized-2"],"_links":{"self":[{"href":"https:\/\/www.skelleftejazz.se\/index.php?rest_route=\/wp\/v2\/posts\/4565","targetHints":{"allow":["GET"]}}],"collection":[{"href":"https:\/\/www.skelleftejazz.se\/index.php?rest_route=\/wp\/v2\/posts"}],"about":[{"href":"https:\/\/www.skelleftejazz.se\/index.php?rest_route=\/wp\/v2\/types\/post"}],"author":[{"embeddable":true,"href":"https:\/\/www.skelleftejazz.se\/index.php?rest_route=\/wp\/v2\/users\/1"}],"replies":[{"embeddable":true,"href":"https:\/\/www.skelleftejazz.se\/index.php?rest_route=%2Fwp%2Fv2%2Fcomments&post=4565"}],"version-history":[{"count":3,"href":"https:\/\/www.skelleftejazz.se\/index.php?rest_route=\/wp\/v2\/posts\/4565\/revisions"}],"predecessor-version":[{"id":4569,"href":"https:\/\/www.skelleftejazz.se\/index.php?rest_route=\/wp\/v2\/posts\/4565\/revisions\/4569"}],"wp:attachment":[{"href":"https:\/\/www.skelleftejazz.se\/index.php?rest_route=%2Fwp%2Fv2%2Fmedia&parent=4565"}],"wp:term":[{"taxonomy":"category","embeddable":true,"href":"https:\/\/www.skelleftejazz.se\/index.php?rest_route=%2Fwp%2Fv2%2Fcategories&post=4565"},{"taxonomy":"post_tag","embeddable":true,"href":"https:\/\/www.skelleftejazz.se\/index.php?rest_route=%2Fwp%2Fv2%2Ftags&post=4565"}],"curies":[{"name":"wp","href":"https:\/\/api.w.org\/{rel}","templated":true}]}}