{"id":4498,"date":"2021-09-19T21:25:56","date_gmt":"2021-09-19T20:25:56","guid":{"rendered":"http:\/\/www.skelleftejazz.se\/?p=4498"},"modified":"2021-09-19T22:15:11","modified_gmt":"2021-09-19T21:15:11","slug":"tisdag-2021-09-28-kl-1900-ale-moller-och-norrbotten-big-band-slutsalt","status":"publish","type":"post","link":"https:\/\/www.skelleftejazz.se\/?p=4498","title":{"rendered":"Tisdag 2021-09-28 kl 19:00 Ale M\u00f6ller och Norrbotten Big Band \/ SLUTS\u00c5LT"},"content":{"rendered":"\n<p><strong>Tisdag 2021-09-28 kl 19:00 Ale M\u00f6ller och Norrbotten Big Band<\/strong><br>Plats:\u00a0<strong>Sara Kulturhus scen 2<\/strong><br><s>Entr\u00e9: 285\/350 F\u00f6rk\u00f6p\u00a0p\u00e5 Skellefte\u00e5 Turistcenter tel 0910-45 25 15<\/s><br>Det \u00e4r ett understatement att p\u00e5st\u00e5 att folkmusikern och multiinstrumentalisten Ale M\u00f6ller \u00e4r en unik och inspirerande profil i svenskt musikliv. Nu \u00e4r det h\u00f6g tid f\u00f6r honom att framtr\u00e4da med<a href=\"https:\/\/norrbottensmusiken.se\/ensembler\/norrbotten-big-band\/om-oss\/\">\u00a0<strong>Norrbotten Big Band<\/strong><\/a>! Med sig in i samarbetet med bandet tar\u00a0<strong>Ale M\u00f6ller,<\/strong>\u00a0som en g\u00e5ng startade sin musikaliska bana som jazztrumpetare hemma i Sk\u00e5ne, musik arrangerad av Hans Ek. Hans som genom sina symfoniska projekt med bl. a musik av<strong>\u00a0Kraftwerk<\/strong>,\u00a0<strong>David Bowie<\/strong>,\u00a0<strong>Bj\u00f6rk<\/strong>,\u00a0<strong>Ane Brun<\/strong>,\u00a0<strong>Laleh<\/strong>\u00a0och\u00a0<strong>Veronica Maggio<\/strong>, lyft fram en ny repertoar p\u00e5 landets konserthusscener. Och inte nog med det. Med sig p\u00e5 scen har Ale b\u00e5de\u00a0<strong>Rafael Sida<\/strong>, hyllad f\u00f6r sina latinska rytmer p\u00e5 alla m\u00f6jliga slagverk. Det blir ett efterl\u00e4ngtad musikaliskt m\u00f6te och en turn\u00e9 d\u00e4r bokstavligen allt kan h\u00e4nda!<\/p>\n\n\n\n<p><strong>\u00c4ndring i programmet:<\/strong>&nbsp;Mats \u00d6berg f\u00f6ljer inte med p\u00e5 den h\u00e4r turn\u00e9n som tidigare annonserats!<\/p>\n\n\n\n<p><em>Konserten ges i samarbete med Norrlandsoperan<\/em><\/p>\n","protected":false},"excerpt":{"rendered":"<p>Tisdag 2021-09-28 kl 19:00 Ale M\u00f6ller och Norrbotten Big BandPlats:\u00a0Sara Kulturhus scen 2Entr\u00e9: 285\/350 F\u00f6rk\u00f6p\u00a0p\u00e5 Skellefte\u00e5 Turistcenter tel 0910-45 25 15Det \u00e4r ett understatement att p\u00e5st\u00e5 att folkmusikern och multiinstrumentalisten Ale M\u00f6ller \u00e4r en unik och inspirerande profil i svenskt musikliv. Nu \u00e4r det h\u00f6g tid f\u00f6r honom att framtr\u00e4da med\u00a0Norrbotten Big Band! Med sig&hellip; <a href=\"https:\/\/www.skelleftejazz.se\/?p=4498\" class=\"read-more\">Forts\u00e4tt l\u00e4sa Tisdag 2021-09-28 kl 19:00 Ale M\u00f6ller och Norrbotten Big Band \/ SLUTS\u00c5LT<\/a><\/p>\n","protected":false},"author":1,"featured_media":0,"comment_status":"closed","ping_status":"open","sticky":false,"template":"","format":"standard","meta":{"footnotes":""},"categories":[4],"tags":[],"class_list":["post-4498","post","type-post","status-publish","format-standard","hentry","category-uncategorized-2"],"_links":{"self":[{"href":"https:\/\/www.skelleftejazz.se\/index.php?rest_route=\/wp\/v2\/posts\/4498","targetHints":{"allow":["GET"]}}],"collection":[{"href":"https:\/\/www.skelleftejazz.se\/index.php?rest_route=\/wp\/v2\/posts"}],"about":[{"href":"https:\/\/www.skelleftejazz.se\/index.php?rest_route=\/wp\/v2\/types\/post"}],"author":[{"embeddable":true,"href":"https:\/\/www.skelleftejazz.se\/index.php?rest_route=\/wp\/v2\/users\/1"}],"replies":[{"embeddable":true,"href":"https:\/\/www.skelleftejazz.se\/index.php?rest_route=%2Fwp%2Fv2%2Fcomments&post=4498"}],"version-history":[{"count":2,"href":"https:\/\/www.skelleftejazz.se\/index.php?rest_route=\/wp\/v2\/posts\/4498\/revisions"}],"predecessor-version":[{"id":4500,"href":"https:\/\/www.skelleftejazz.se\/index.php?rest_route=\/wp\/v2\/posts\/4498\/revisions\/4500"}],"wp:attachment":[{"href":"https:\/\/www.skelleftejazz.se\/index.php?rest_route=%2Fwp%2Fv2%2Fmedia&parent=4498"}],"wp:term":[{"taxonomy":"category","embeddable":true,"href":"https:\/\/www.skelleftejazz.se\/index.php?rest_route=%2Fwp%2Fv2%2Fcategories&post=4498"},{"taxonomy":"post_tag","embeddable":true,"href":"https:\/\/www.skelleftejazz.se\/index.php?rest_route=%2Fwp%2Fv2%2Ftags&post=4498"}],"curies":[{"name":"wp","href":"https:\/\/api.w.org\/{rel}","templated":true}]}}