{"id":4483,"date":"2021-08-30T22:04:11","date_gmt":"2021-08-30T21:04:11","guid":{"rendered":"http:\/\/www.skelleftejazz.se\/?p=4483"},"modified":"2021-09-06T11:15:51","modified_gmt":"2021-09-06T10:15:51","slug":"lordag-2021-09-11-kl-1300-bostromsbackens-vanner","status":"publish","type":"post","link":"https:\/\/www.skelleftejazz.se\/?p=4483","title":{"rendered":"L\u00f6rdag 2021-09-11 kl 13:00 Bostr\u00f6msb\u00e4ckens v\u00e4nner"},"content":{"rendered":"\n<p>Plats:\u00a0<strong>Kaf\u00e9scenen Sara Kulturhus<\/strong><br>Entr\u00e9: 150\/180 Endast f\u00f6rk\u00f6p. <strong>SLUTS\u00c5LT<\/strong>!<\/p>\n\n\n\n<figure class=\"wp-block-image\"><a href=\"https:\/\/www.skelleftejazz.se\/wp-content\/uploads\/2021\/08\/bostromsbackens.jpg\"><img decoding=\"async\" src=\"https:\/\/www.skelleftejazz.se\/wp-content\/uploads\/2021\/08\/bostromsbackens-1024x503.jpg\" alt=\"\" class=\"wp-image-4442\"\/><\/a><\/figure>\n\n\n\n<p><strong>Bostr\u00f6msb\u00e4ckens v\u00e4nner&nbsp;<\/strong>best\u00e5r av Tor Holmstr\u00f6m piano, Magnus Bergner bas, Torsten Andersson trummor och Lage Johansson och Mats \u00c5kerstr\u00f6m saxofoner. Bostons f\u00f6rsta evenemang i v\u00e5rt nya kulturhus. Kom i tid och passa p\u00e5 att ta en titt p\u00e5 kulturhusets olika vinklar och vr\u00e5r. Spelar g\u00f6r vi p\u00e5 caf\u00e9scenen d\u00e4r publiken sitter vi vid bord och fikat h\u00e4mtar man i den n\u00e4rliggande serveringen.<\/p>\n\n\n\n<p>Bostr\u00f6msb\u00e4cken?<\/p>\n\n\n\n<p>B\u00e4cken har runnit genom Skellefte\u00e5 i alla tider. Men vem har brytt sig om det? Ingen. Nu har b\u00e4cken \u00e4ntligen f\u00e5tt sina beskyddare och kanske kommer det att avspeglas i eftermiddagens musik. Vem vet?<\/p>\n","protected":false},"excerpt":{"rendered":"<p>Plats:\u00a0Kaf\u00e9scenen Sara KulturhusEntr\u00e9: 150\/180 Endast f\u00f6rk\u00f6p. SLUTS\u00c5LT! Bostr\u00f6msb\u00e4ckens v\u00e4nner&nbsp;best\u00e5r av Tor Holmstr\u00f6m piano, Magnus Bergner bas, Torsten Andersson trummor och Lage Johansson och Mats \u00c5kerstr\u00f6m saxofoner. Bostons f\u00f6rsta evenemang i v\u00e5rt nya kulturhus. Kom i tid och passa p\u00e5 att ta en titt p\u00e5 kulturhusets olika vinklar och vr\u00e5r. Spelar g\u00f6r vi p\u00e5 caf\u00e9scenen d\u00e4r&hellip; <a href=\"https:\/\/www.skelleftejazz.se\/?p=4483\" class=\"read-more\">Forts\u00e4tt l\u00e4sa L\u00f6rdag 2021-09-11 kl 13:00 Bostr\u00f6msb\u00e4ckens v\u00e4nner<\/a><\/p>\n","protected":false},"author":1,"featured_media":0,"comment_status":"closed","ping_status":"open","sticky":false,"template":"","format":"standard","meta":{"footnotes":""},"categories":[4],"tags":[],"class_list":["post-4483","post","type-post","status-publish","format-standard","hentry","category-uncategorized-2"],"_links":{"self":[{"href":"https:\/\/www.skelleftejazz.se\/index.php?rest_route=\/wp\/v2\/posts\/4483","targetHints":{"allow":["GET"]}}],"collection":[{"href":"https:\/\/www.skelleftejazz.se\/index.php?rest_route=\/wp\/v2\/posts"}],"about":[{"href":"https:\/\/www.skelleftejazz.se\/index.php?rest_route=\/wp\/v2\/types\/post"}],"author":[{"embeddable":true,"href":"https:\/\/www.skelleftejazz.se\/index.php?rest_route=\/wp\/v2\/users\/1"}],"replies":[{"embeddable":true,"href":"https:\/\/www.skelleftejazz.se\/index.php?rest_route=%2Fwp%2Fv2%2Fcomments&post=4483"}],"version-history":[{"count":3,"href":"https:\/\/www.skelleftejazz.se\/index.php?rest_route=\/wp\/v2\/posts\/4483\/revisions"}],"predecessor-version":[{"id":4489,"href":"https:\/\/www.skelleftejazz.se\/index.php?rest_route=\/wp\/v2\/posts\/4483\/revisions\/4489"}],"wp:attachment":[{"href":"https:\/\/www.skelleftejazz.se\/index.php?rest_route=%2Fwp%2Fv2%2Fmedia&parent=4483"}],"wp:term":[{"taxonomy":"category","embeddable":true,"href":"https:\/\/www.skelleftejazz.se\/index.php?rest_route=%2Fwp%2Fv2%2Fcategories&post=4483"},{"taxonomy":"post_tag","embeddable":true,"href":"https:\/\/www.skelleftejazz.se\/index.php?rest_route=%2Fwp%2Fv2%2Ftags&post=4483"}],"curies":[{"name":"wp","href":"https:\/\/api.w.org\/{rel}","templated":true}]}}