{"id":4410,"date":"2021-05-11T20:35:20","date_gmt":"2021-05-11T19:35:20","guid":{"rendered":"http:\/\/www.skelleftejazz.se\/?p=4410"},"modified":"2021-05-11T20:35:20","modified_gmt":"2021-05-11T19:35:20","slug":"preliminart-hostprogram-hosten-2021","status":"publish","type":"post","link":"https:\/\/www.skelleftejazz.se\/?p=4410","title":{"rendered":"Prelimin\u00e4rt h\u00f6stprogram h\u00f6sten 2021"},"content":{"rendered":"\n<p>Nu finns v\u00e5rt h\u00f6stprogram klart. Ja fortfarande kan \u00e4ndringar intr\u00e4ffa men musikerna \u00e4r kontrakterade och allt ser lovande ut f\u00f6r h\u00f6sten. N\u00e5gra g\u00e5nger \u00e4r vi p\u00e5 Sara Kulturhus, omv\u00e4xlande med v\u00e5rt gamla stamst\u00e4lle DFC.<\/p>\n\n\n\n<p>Du hittar programmet &#8211;> <a href=\"https:\/\/www.skelleftejazz.se\/?page_id=4360\">H\u00c4R<\/a><\/p>\n\n\n\n<p>Sommarprogram kanske det ocks\u00e5 blir. Lite utomhusjazz om v\u00e4dret till\u00e5ter. Vi \u00e5terkommer i den fr\u00e5gan.<\/p>\n","protected":false},"excerpt":{"rendered":"<p>Nu finns v\u00e5rt h\u00f6stprogram klart. Ja fortfarande kan \u00e4ndringar intr\u00e4ffa men musikerna \u00e4r kontrakterade och allt ser lovande ut f\u00f6r h\u00f6sten. N\u00e5gra g\u00e5nger \u00e4r vi p\u00e5 Sara Kulturhus, omv\u00e4xlande med v\u00e5rt gamla stamst\u00e4lle DFC. Du hittar programmet &#8211;> H\u00c4R Sommarprogram kanske det ocks\u00e5 blir. Lite utomhusjazz om v\u00e4dret till\u00e5ter. Vi \u00e5terkommer i den fr\u00e5gan.<\/p>\n","protected":false},"author":1,"featured_media":0,"comment_status":"closed","ping_status":"open","sticky":false,"template":"","format":"standard","meta":{"footnotes":""},"categories":[4],"tags":[],"class_list":["post-4410","post","type-post","status-publish","format-standard","hentry","category-uncategorized-2"],"_links":{"self":[{"href":"https:\/\/www.skelleftejazz.se\/index.php?rest_route=\/wp\/v2\/posts\/4410","targetHints":{"allow":["GET"]}}],"collection":[{"href":"https:\/\/www.skelleftejazz.se\/index.php?rest_route=\/wp\/v2\/posts"}],"about":[{"href":"https:\/\/www.skelleftejazz.se\/index.php?rest_route=\/wp\/v2\/types\/post"}],"author":[{"embeddable":true,"href":"https:\/\/www.skelleftejazz.se\/index.php?rest_route=\/wp\/v2\/users\/1"}],"replies":[{"embeddable":true,"href":"https:\/\/www.skelleftejazz.se\/index.php?rest_route=%2Fwp%2Fv2%2Fcomments&post=4410"}],"version-history":[{"count":1,"href":"https:\/\/www.skelleftejazz.se\/index.php?rest_route=\/wp\/v2\/posts\/4410\/revisions"}],"predecessor-version":[{"id":4411,"href":"https:\/\/www.skelleftejazz.se\/index.php?rest_route=\/wp\/v2\/posts\/4410\/revisions\/4411"}],"wp:attachment":[{"href":"https:\/\/www.skelleftejazz.se\/index.php?rest_route=%2Fwp%2Fv2%2Fmedia&parent=4410"}],"wp:term":[{"taxonomy":"category","embeddable":true,"href":"https:\/\/www.skelleftejazz.se\/index.php?rest_route=%2Fwp%2Fv2%2Fcategories&post=4410"},{"taxonomy":"post_tag","embeddable":true,"href":"https:\/\/www.skelleftejazz.se\/index.php?rest_route=%2Fwp%2Fv2%2Ftags&post=4410"}],"curies":[{"name":"wp","href":"https:\/\/api.w.org\/{rel}","templated":true}]}}