{"id":4358,"date":"2021-04-22T15:50:38","date_gmt":"2021-04-22T14:50:38","guid":{"rendered":"http:\/\/www.skelleftejazz.se\/?p=4358"},"modified":"2021-04-22T15:50:38","modified_gmt":"2021-04-22T14:50:38","slug":"kallelse-till-arsmote-mandag-17-maj-1900","status":"publish","type":"post","link":"https:\/\/www.skelleftejazz.se\/?p=4358","title":{"rendered":"Kallelse till \u00c5rsm\u00f6te, m\u00e5ndag 17 maj 19:00"},"content":{"rendered":"\n<p>\u00c5rets \u00e5rsm\u00f6te blir digitalt. Medlem som vill delta torde anm\u00e4la det p\u00e5 mail till: <a href=\"mailto:jazz@akerstrom.nu\" target=\"_blank\" rel=\"noreferrer noopener\"><strong><span class=\"has-inline-color has-vivid-cyan-blue-color\">jazz@akerstrom.nu<\/span><\/strong><\/a> s\u00e5 skickar vi ut dagordning och verksamhetsber\u00e4ttelse. <\/p>\n\n\n\n<p>En l\u00e4nk till m\u00f6tet skickas ocks\u00e5 ut n\u00e4r det b\u00f6rjar bli dags.<\/p>\n\n\n\n<p><\/p>\n","protected":false},"excerpt":{"rendered":"<p>\u00c5rets \u00e5rsm\u00f6te blir digitalt. Medlem som vill delta torde anm\u00e4la det p\u00e5 mail till: jazz@akerstrom.nu s\u00e5 skickar vi ut dagordning och verksamhetsber\u00e4ttelse. En l\u00e4nk till m\u00f6tet skickas ocks\u00e5 ut n\u00e4r det b\u00f6rjar bli dags.<\/p>\n","protected":false},"author":1,"featured_media":0,"comment_status":"closed","ping_status":"open","sticky":false,"template":"","format":"standard","meta":{"footnotes":""},"categories":[4],"tags":[],"class_list":["post-4358","post","type-post","status-publish","format-standard","hentry","category-uncategorized-2"],"_links":{"self":[{"href":"https:\/\/www.skelleftejazz.se\/index.php?rest_route=\/wp\/v2\/posts\/4358","targetHints":{"allow":["GET"]}}],"collection":[{"href":"https:\/\/www.skelleftejazz.se\/index.php?rest_route=\/wp\/v2\/posts"}],"about":[{"href":"https:\/\/www.skelleftejazz.se\/index.php?rest_route=\/wp\/v2\/types\/post"}],"author":[{"embeddable":true,"href":"https:\/\/www.skelleftejazz.se\/index.php?rest_route=\/wp\/v2\/users\/1"}],"replies":[{"embeddable":true,"href":"https:\/\/www.skelleftejazz.se\/index.php?rest_route=%2Fwp%2Fv2%2Fcomments&post=4358"}],"version-history":[{"count":1,"href":"https:\/\/www.skelleftejazz.se\/index.php?rest_route=\/wp\/v2\/posts\/4358\/revisions"}],"predecessor-version":[{"id":4359,"href":"https:\/\/www.skelleftejazz.se\/index.php?rest_route=\/wp\/v2\/posts\/4358\/revisions\/4359"}],"wp:attachment":[{"href":"https:\/\/www.skelleftejazz.se\/index.php?rest_route=%2Fwp%2Fv2%2Fmedia&parent=4358"}],"wp:term":[{"taxonomy":"category","embeddable":true,"href":"https:\/\/www.skelleftejazz.se\/index.php?rest_route=%2Fwp%2Fv2%2Fcategories&post=4358"},{"taxonomy":"post_tag","embeddable":true,"href":"https:\/\/www.skelleftejazz.se\/index.php?rest_route=%2Fwp%2Fv2%2Ftags&post=4358"}],"curies":[{"name":"wp","href":"https:\/\/api.w.org\/{rel}","templated":true}]}}