{"id":4336,"date":"2021-01-29T20:34:57","date_gmt":"2021-01-29T19:34:57","guid":{"rendered":"http:\/\/www.skelleftejazz.se\/?p=4336"},"modified":"2021-03-03T20:35:33","modified_gmt":"2021-03-03T19:35:33","slug":"vi-vantar","status":"publish","type":"post","link":"https:\/\/www.skelleftejazz.se\/?p=4336","title":{"rendered":"V\u00e5ren 2021"},"content":{"rendered":"\n<p>Tills vidare ligger vi ganska l\u00e5gt. Men lite funderar vi s\u00e5 klart p\u00e5 vad som ligger framf\u00f6r oss.<\/p>\n\n\n\n<p><strong>V\u00c5REN 2021<\/strong><br><strong>\u00c5rsm\u00f6te?<\/strong> Vi v\u00e4ntar och ser om det skulle kunna g\u00e5 att genomf\u00f6ra under april\/maj kanske. Det kan bli digitalt. Vi h\u00f6r av oss.<\/p>\n\n\n\n<p><strong>Medlemsavgiften?<\/strong> Vi kommer s\u00e5 sm\u00e5ningom att skicka ut avier f\u00f6r betalning av medlemsavgiften. Enligt stadgarna best\u00e4ms \u00e5rsavgiften p\u00e5 f\u00f6reg\u00e5ende \u00e5rs \u00e5rsm\u00f6te och det g\u00f6r att vi inte kan \u00e4ndra medlemsavgiften storlek vilket egentligen kanske vore motiverat d\u00e5 vi inte kan k\u00f6ra s\u00e5 m\u00e5nga f\u00f6rest\u00e4llningar som vi brukar. D\u00e4remot kan vi ge ytterligare rabatter s\u00e5 vi t\u00e4nker oss minst 2 gratiskonserter f\u00f6r medlemmar. Man kommer sj\u00e4lv att f\u00e5 v\u00e4lja vilka. <\/p>\n\n\n\n<p>Program under v\u00e5ren: <br><strong>Mars:<\/strong> <s><span class=\"has-inline-color has-vivid-red-color\">Kanske har vi bes\u00f6k av Norrbotten Big Band, Stockholm Jazz Orcestra och (utgick!) Men kanske kommer Karin Hammar tillsammans med munspelsvirtuosen Olivier Ker Ourio. (En av Frankrikes mest eftertraktade jazzsolister och bandledare)<\/span><\/s><br><strong>Maj: <\/strong>Kanske Stockholm Swing All Stars <\/p>\n\n\n\n<p><strong>H\u00d6STEN 2021<\/strong><br>Det enda vi med best\u00e4mdhet vet \u00e4r att kultbandet Yellowjackets kommer.  Den amerikanska jazzfusion-kvartetten bildades under sent 70-tal, men d\u00e5 med gitarristen Robben Ford som frontfigur. &nbsp;1981 sl\u00e4pptes f\u00f6rsta albumet och nu best\u00e5r de av Russell Ferrante, Bob Mintzer, Will Kennedy och Dane Alerson.&nbsp;I jazzgenren r\u00e4knas de som ett av de mest inflytelserika banden, och under sin 43 \u00e5r l\u00e5nga karri\u00e4r har de sl\u00e4ppt 25 album \u2013 och varit nominerade till en Grammy 17 g\u00e5nger. Tv\u00e5 g\u00e5nger har de ocks\u00e5 vunnit.&nbsp;<br>Provlyssna: &#8211;&gt; <a rel=\"noreferrer noopener\" href=\"https:\/\/www.youtube.com\/watch?v=CP4uQ2ngrv0&amp;feature=emb_logo\" target=\"_blank\">H\u00c4R<\/a><\/p>\n","protected":false},"excerpt":{"rendered":"<p>Tills vidare ligger vi ganska l\u00e5gt. Men lite funderar vi s\u00e5 klart p\u00e5 vad som ligger framf\u00f6r oss. V\u00c5REN 2021\u00c5rsm\u00f6te? Vi v\u00e4ntar och ser om det skulle kunna g\u00e5 att genomf\u00f6ra under april\/maj kanske. Det kan bli digitalt. Vi h\u00f6r av oss. Medlemsavgiften? Vi kommer s\u00e5 sm\u00e5ningom att skicka ut avier f\u00f6r betalning av medlemsavgiften.&hellip; <a href=\"https:\/\/www.skelleftejazz.se\/?p=4336\" class=\"read-more\">Forts\u00e4tt l\u00e4sa V\u00e5ren 2021<\/a><\/p>\n","protected":false},"author":1,"featured_media":0,"comment_status":"closed","ping_status":"open","sticky":false,"template":"","format":"standard","meta":{"footnotes":""},"categories":[4],"tags":[],"class_list":["post-4336","post","type-post","status-publish","format-standard","hentry","category-uncategorized-2"],"_links":{"self":[{"href":"https:\/\/www.skelleftejazz.se\/index.php?rest_route=\/wp\/v2\/posts\/4336","targetHints":{"allow":["GET"]}}],"collection":[{"href":"https:\/\/www.skelleftejazz.se\/index.php?rest_route=\/wp\/v2\/posts"}],"about":[{"href":"https:\/\/www.skelleftejazz.se\/index.php?rest_route=\/wp\/v2\/types\/post"}],"author":[{"embeddable":true,"href":"https:\/\/www.skelleftejazz.se\/index.php?rest_route=\/wp\/v2\/users\/1"}],"replies":[{"embeddable":true,"href":"https:\/\/www.skelleftejazz.se\/index.php?rest_route=%2Fwp%2Fv2%2Fcomments&post=4336"}],"version-history":[{"count":6,"href":"https:\/\/www.skelleftejazz.se\/index.php?rest_route=\/wp\/v2\/posts\/4336\/revisions"}],"predecessor-version":[{"id":4352,"href":"https:\/\/www.skelleftejazz.se\/index.php?rest_route=\/wp\/v2\/posts\/4336\/revisions\/4352"}],"wp:attachment":[{"href":"https:\/\/www.skelleftejazz.se\/index.php?rest_route=%2Fwp%2Fv2%2Fmedia&parent=4336"}],"wp:term":[{"taxonomy":"category","embeddable":true,"href":"https:\/\/www.skelleftejazz.se\/index.php?rest_route=%2Fwp%2Fv2%2Fcategories&post=4336"},{"taxonomy":"post_tag","embeddable":true,"href":"https:\/\/www.skelleftejazz.se\/index.php?rest_route=%2Fwp%2Fv2%2Ftags&post=4336"}],"curies":[{"name":"wp","href":"https:\/\/api.w.org\/{rel}","templated":true}]}}