{"id":4327,"date":"2020-11-16T17:07:12","date_gmt":"2020-11-16T16:07:12","guid":{"rendered":"http:\/\/www.skelleftejazz.se\/?p=4327"},"modified":"2020-11-16T17:07:12","modified_gmt":"2020-11-16T16:07:12","slug":"inget-mer-jazzkafe-2020","status":"publish","type":"post","link":"https:\/\/www.skelleftejazz.se\/?p=4327","title":{"rendered":"Inget mer Jazzkaf\u00e9 2020"},"content":{"rendered":"\n<figure class=\"wp-block-image size-large\"><img loading=\"lazy\" decoding=\"async\" width=\"844\" height=\"603\" src=\"https:\/\/www.skelleftejazz.se\/wp-content\/uploads\/2020\/11\/emilofiliptext.jpg\" alt=\"\" class=\"wp-image-4328\" srcset=\"https:\/\/www.skelleftejazz.se\/wp-content\/uploads\/2020\/11\/emilofiliptext.jpg 844w, https:\/\/www.skelleftejazz.se\/wp-content\/uploads\/2020\/11\/emilofiliptext-300x214.jpg 300w, https:\/\/www.skelleftejazz.se\/wp-content\/uploads\/2020\/11\/emilofiliptext-768x549.jpg 768w\" sizes=\"auto, (max-width: 844px) 100vw, 844px\" \/><figcaption>Filip &amp; Emil<\/figcaption><\/figure>\n\n\n\n<p>Med sorg konstaterar vi att Coronael\u00e4ndet nu tagit bort alla m\u00f6jligheter att k\u00f6ra v\u00e5rt efterl\u00e4ngtade Jazzkaf\u00e9 med Jultema den 12 december. Men vi ger oss inte och planerar f\u00f6r v\u00e5ren 2021 i st\u00e4llet. <\/p>\n\n\n\n<p>Simma lugnt, h\u00e5ll ut och h\u00e5ll avst\u00e5nd!<\/p>\n","protected":false},"excerpt":{"rendered":"<p>Med sorg konstaterar vi att Coronael\u00e4ndet nu tagit bort alla m\u00f6jligheter att k\u00f6ra v\u00e5rt efterl\u00e4ngtade Jazzkaf\u00e9 med Jultema den 12 december. Men vi ger oss inte och planerar f\u00f6r v\u00e5ren 2021 i st\u00e4llet. Simma lugnt, h\u00e5ll ut och h\u00e5ll avst\u00e5nd!<\/p>\n","protected":false},"author":1,"featured_media":0,"comment_status":"closed","ping_status":"open","sticky":false,"template":"","format":"standard","meta":{"footnotes":""},"categories":[4],"tags":[],"class_list":["post-4327","post","type-post","status-publish","format-standard","hentry","category-uncategorized-2"],"_links":{"self":[{"href":"https:\/\/www.skelleftejazz.se\/index.php?rest_route=\/wp\/v2\/posts\/4327","targetHints":{"allow":["GET"]}}],"collection":[{"href":"https:\/\/www.skelleftejazz.se\/index.php?rest_route=\/wp\/v2\/posts"}],"about":[{"href":"https:\/\/www.skelleftejazz.se\/index.php?rest_route=\/wp\/v2\/types\/post"}],"author":[{"embeddable":true,"href":"https:\/\/www.skelleftejazz.se\/index.php?rest_route=\/wp\/v2\/users\/1"}],"replies":[{"embeddable":true,"href":"https:\/\/www.skelleftejazz.se\/index.php?rest_route=%2Fwp%2Fv2%2Fcomments&post=4327"}],"version-history":[{"count":1,"href":"https:\/\/www.skelleftejazz.se\/index.php?rest_route=\/wp\/v2\/posts\/4327\/revisions"}],"predecessor-version":[{"id":4329,"href":"https:\/\/www.skelleftejazz.se\/index.php?rest_route=\/wp\/v2\/posts\/4327\/revisions\/4329"}],"wp:attachment":[{"href":"https:\/\/www.skelleftejazz.se\/index.php?rest_route=%2Fwp%2Fv2%2Fmedia&parent=4327"}],"wp:term":[{"taxonomy":"category","embeddable":true,"href":"https:\/\/www.skelleftejazz.se\/index.php?rest_route=%2Fwp%2Fv2%2Fcategories&post=4327"},{"taxonomy":"post_tag","embeddable":true,"href":"https:\/\/www.skelleftejazz.se\/index.php?rest_route=%2Fwp%2Fv2%2Ftags&post=4327"}],"curies":[{"name":"wp","href":"https:\/\/api.w.org\/{rel}","templated":true}]}}