{"id":4250,"date":"2020-09-03T22:42:10","date_gmt":"2020-09-03T21:42:10","guid":{"rendered":"http:\/\/www.skelleftejazz.se\/?p=4250"},"modified":"2020-11-11T18:34:28","modified_gmt":"2020-11-11T17:34:28","slug":"senaste-nytt","status":"publish","type":"post","link":"https:\/\/www.skelleftejazz.se\/?p=4250","title":{"rendered":"Senaste nytt. H\u00f6stens program och information om Corona."},"content":{"rendered":"\n<p><span class=\"has-inline-color has-luminous-vivid-orange-color\"><strong>Tyv\u00e4rr har vi tvingats st\u00e4lla in tv\u00e5 evenemang. MLQ den 14 nov och Holmstr\u00f6m\/Bergner &amp; Peter Fj\u00e4llstr\u00f6m den 5 dec har vi flyttat till v\u00e5rprogrammet. Vi \u00e5terkommer s\u00e5 snart hela programmet \u00e4r klart.<\/strong><\/span><\/p>\n\n\n\n<p>Programmet hittar du &#8211;&gt; <a href=\"https:\/\/www.skelleftejazz.se\/?page_id=4210\"><strong><span class=\"has-inline-color has-vivid-cyan-blue-color\">H\u00c4R<\/span><\/strong><\/a><\/p>\n\n\n\n<p><strong>Coronainformation<\/strong><br>Vi f\u00f6ljer myndigheternas riktlinjer och i alla lokaler garderar vi oss med stipulerat avst\u00e5nd mellan sittplatser osv. Det \u00e4r inte till\u00e5tet att flytta om platser eller bord, \u00e4ven om ni \u00e4r ett s\u00e4llskap som k\u00e4nner varandra.<\/p>\n\n\n\n<p>Gratis (hand-) sprit finns tillg\u00e4ngligt.<\/p>\n\n\n\n<p>Det ankommer ocks\u00e5 p\u00e5 dig som bes\u00f6kare att hj\u00e4lpa till. Ingen tr\u00e4ngsel i entr\u00e9 och garderober. <\/p>\n\n\n\n<p>Tills vidare m\u00e5ste vi ha f\u00f6rk\u00f6p p\u00e5 biljetterna. Annars blir det sv\u00e5rt att veta hur m\u00e5nga som kommer<\/p>\n\n\n\n<p>Du kan naturligtvis chansa och bara dyka upp utan f\u00f6rbokning men risken \u00e4r ju att du blir utan plats. Ring i s\u00e5 fall f\u00f6rst och kolla l\u00e4get: 070-318 83 18<\/p>\n\n\n\n<figure class=\"wp-block-image size-large\"><img loading=\"lazy\" decoding=\"async\" width=\"1024\" height=\"914\" src=\"https:\/\/www.skelleftejazz.se\/wp-content\/uploads\/2020\/09\/Boston-Jazz-Club-1024x914.jpg\" alt=\"\" class=\"wp-image-4251\" srcset=\"https:\/\/www.skelleftejazz.se\/wp-content\/uploads\/2020\/09\/Boston-Jazz-Club-1024x914.jpg 1024w, https:\/\/www.skelleftejazz.se\/wp-content\/uploads\/2020\/09\/Boston-Jazz-Club-300x268.jpg 300w, https:\/\/www.skelleftejazz.se\/wp-content\/uploads\/2020\/09\/Boston-Jazz-Club-768x685.jpg 768w, https:\/\/www.skelleftejazz.se\/wp-content\/uploads\/2020\/09\/Boston-Jazz-Club-1536x1371.jpg 1536w, https:\/\/www.skelleftejazz.se\/wp-content\/uploads\/2020\/09\/Boston-Jazz-Club-2048x1827.jpg 2048w\" sizes=\"auto, (max-width: 1024px) 100vw, 1024px\" \/><\/figure>\n","protected":false},"excerpt":{"rendered":"<p>Tyv\u00e4rr har vi tvingats st\u00e4lla in tv\u00e5 evenemang. MLQ den 14 nov och Holmstr\u00f6m\/Bergner &amp; Peter Fj\u00e4llstr\u00f6m den 5 dec har vi flyttat till v\u00e5rprogrammet. Vi \u00e5terkommer s\u00e5 snart hela programmet \u00e4r klart. Programmet hittar du &#8211;&gt; H\u00c4R CoronainformationVi f\u00f6ljer myndigheternas riktlinjer och i alla lokaler garderar vi oss med stipulerat avst\u00e5nd mellan sittplatser osv.&hellip; <a href=\"https:\/\/www.skelleftejazz.se\/?p=4250\" class=\"read-more\">Forts\u00e4tt l\u00e4sa Senaste nytt. H\u00f6stens program och information om Corona.<\/a><\/p>\n","protected":false},"author":1,"featured_media":0,"comment_status":"closed","ping_status":"open","sticky":false,"template":"","format":"standard","meta":{"footnotes":""},"categories":[4],"tags":[],"class_list":["post-4250","post","type-post","status-publish","format-standard","hentry","category-uncategorized-2"],"_links":{"self":[{"href":"https:\/\/www.skelleftejazz.se\/index.php?rest_route=\/wp\/v2\/posts\/4250","targetHints":{"allow":["GET"]}}],"collection":[{"href":"https:\/\/www.skelleftejazz.se\/index.php?rest_route=\/wp\/v2\/posts"}],"about":[{"href":"https:\/\/www.skelleftejazz.se\/index.php?rest_route=\/wp\/v2\/types\/post"}],"author":[{"embeddable":true,"href":"https:\/\/www.skelleftejazz.se\/index.php?rest_route=\/wp\/v2\/users\/1"}],"replies":[{"embeddable":true,"href":"https:\/\/www.skelleftejazz.se\/index.php?rest_route=%2Fwp%2Fv2%2Fcomments&post=4250"}],"version-history":[{"count":8,"href":"https:\/\/www.skelleftejazz.se\/index.php?rest_route=\/wp\/v2\/posts\/4250\/revisions"}],"predecessor-version":[{"id":4322,"href":"https:\/\/www.skelleftejazz.se\/index.php?rest_route=\/wp\/v2\/posts\/4250\/revisions\/4322"}],"wp:attachment":[{"href":"https:\/\/www.skelleftejazz.se\/index.php?rest_route=%2Fwp%2Fv2%2Fmedia&parent=4250"}],"wp:term":[{"taxonomy":"category","embeddable":true,"href":"https:\/\/www.skelleftejazz.se\/index.php?rest_route=%2Fwp%2Fv2%2Fcategories&post=4250"},{"taxonomy":"post_tag","embeddable":true,"href":"https:\/\/www.skelleftejazz.se\/index.php?rest_route=%2Fwp%2Fv2%2Ftags&post=4250"}],"curies":[{"name":"wp","href":"https:\/\/api.w.org\/{rel}","templated":true}]}}