{"id":4197,"date":"2020-07-27T19:37:07","date_gmt":"2020-07-27T18:37:07","guid":{"rendered":"http:\/\/www.skelleftejazz.se\/?p=4197"},"modified":"2020-07-28T17:43:00","modified_gmt":"2020-07-28T16:43:00","slug":"torsdag-30-juli-kl-1500-lage-johansson-kvartett-och-susanne-nordin","status":"publish","type":"post","link":"https:\/\/www.skelleftejazz.se\/?p=4197","title":{"rendered":"Fredag 31 juli kl 15:00 Lage Johansson kvartett och Susanne Nordin"},"content":{"rendered":"\n<figure class=\"wp-block-image size-large\"><img decoding=\"async\" src=\"https:\/\/www.skelleftejazz.se\/wp-content\/uploads\/2020\/07\/veder.jpg\" alt=\"\" class=\"wp-image-4201\"\/><figcaption>OBS! Byte av dag, f\u00f6rklaringen enligt ovan. Tack SMHI<\/figcaption><\/figure>\n\n\n\n<p><strong>P\u00e5 gr\u00e4smattan vid Kurjovikens Sj\u00f6krog:<\/strong><br>Lage Johansson \u2013 saxar, Torsten Andersson \u2013 trummor, Magnus Bergner \u2013 bas, Tor Holmstr\u00f6m \u2013 piano och Susanne Nordin sjunger.<br>Ett p\u00e5litligt g\u00e4ng som vi h\u00f6rt p\u00e5 hemmaplan tidigare<br><strong>K\u00f6p biljett \u2013&gt;&nbsp;<a rel=\"noreferrer noopener\" href=\"https:\/\/secure.tickster.com\/98e7mhcwwncch2h\" target=\"_blank\">H\u00c4R<\/a><\/strong> (eller s\u00e5 dyker du bara upp vid entr\u00e9n)<br>(60.- medlem och ungdom, \u00f6vriga 90.- f\u00f6rk\u00f6psavgift kan f\u00f6rekomma)<\/p>\n\n\n\n<figure class=\"wp-block-image size-large\"><img loading=\"lazy\" decoding=\"async\" width=\"1024\" height=\"907\" src=\"https:\/\/www.skelleftejazz.se\/wp-content\/uploads\/2019\/06\/lages-blue-style-affisch-1024x907.jpg\" alt=\"\" class=\"wp-image-3852\" srcset=\"https:\/\/www.skelleftejazz.se\/wp-content\/uploads\/2019\/06\/lages-blue-style-affisch-1024x907.jpg 1024w, https:\/\/www.skelleftejazz.se\/wp-content\/uploads\/2019\/06\/lages-blue-style-affisch-300x266.jpg 300w, https:\/\/www.skelleftejazz.se\/wp-content\/uploads\/2019\/06\/lages-blue-style-affisch-768x680.jpg 768w\" sizes=\"auto, (max-width: 1024px) 100vw, 1024px\" \/><figcaption>Dom \u00e4r S\u00c5\u00c5 snygga!<\/figcaption><\/figure>\n","protected":false},"excerpt":{"rendered":"<p>P\u00e5 gr\u00e4smattan vid Kurjovikens Sj\u00f6krog:Lage Johansson \u2013 saxar, Torsten Andersson \u2013 trummor, Magnus Bergner \u2013 bas, Tor Holmstr\u00f6m \u2013 piano och Susanne Nordin sjunger.Ett p\u00e5litligt g\u00e4ng som vi h\u00f6rt p\u00e5 hemmaplan tidigareK\u00f6p biljett \u2013&gt;&nbsp;H\u00c4R (eller s\u00e5 dyker du bara upp vid entr\u00e9n)(60.- medlem och ungdom, \u00f6vriga 90.- f\u00f6rk\u00f6psavgift kan f\u00f6rekomma)<\/p>\n","protected":false},"author":1,"featured_media":0,"comment_status":"closed","ping_status":"open","sticky":false,"template":"","format":"standard","meta":{"footnotes":""},"categories":[4],"tags":[],"class_list":["post-4197","post","type-post","status-publish","format-standard","hentry","category-uncategorized-2"],"_links":{"self":[{"href":"https:\/\/www.skelleftejazz.se\/index.php?rest_route=\/wp\/v2\/posts\/4197","targetHints":{"allow":["GET"]}}],"collection":[{"href":"https:\/\/www.skelleftejazz.se\/index.php?rest_route=\/wp\/v2\/posts"}],"about":[{"href":"https:\/\/www.skelleftejazz.se\/index.php?rest_route=\/wp\/v2\/types\/post"}],"author":[{"embeddable":true,"href":"https:\/\/www.skelleftejazz.se\/index.php?rest_route=\/wp\/v2\/users\/1"}],"replies":[{"embeddable":true,"href":"https:\/\/www.skelleftejazz.se\/index.php?rest_route=%2Fwp%2Fv2%2Fcomments&post=4197"}],"version-history":[{"count":4,"href":"https:\/\/www.skelleftejazz.se\/index.php?rest_route=\/wp\/v2\/posts\/4197\/revisions"}],"predecessor-version":[{"id":4202,"href":"https:\/\/www.skelleftejazz.se\/index.php?rest_route=\/wp\/v2\/posts\/4197\/revisions\/4202"}],"wp:attachment":[{"href":"https:\/\/www.skelleftejazz.se\/index.php?rest_route=%2Fwp%2Fv2%2Fmedia&parent=4197"}],"wp:term":[{"taxonomy":"category","embeddable":true,"href":"https:\/\/www.skelleftejazz.se\/index.php?rest_route=%2Fwp%2Fv2%2Fcategories&post=4197"},{"taxonomy":"post_tag","embeddable":true,"href":"https:\/\/www.skelleftejazz.se\/index.php?rest_route=%2Fwp%2Fv2%2Ftags&post=4197"}],"curies":[{"name":"wp","href":"https:\/\/api.w.org\/{rel}","templated":true}]}}