{"id":4190,"date":"2020-07-15T23:31:20","date_gmt":"2020-07-15T22:31:20","guid":{"rendered":"http:\/\/www.skelleftejazz.se\/?p=4190"},"modified":"2020-07-22T12:59:41","modified_gmt":"2020-07-22T11:59:41","slug":"claes-jansson-och-jonas-knutsson","status":"publish","type":"post","link":"https:\/\/www.skelleftejazz.se\/?p=4190","title":{"rendered":"Claes Janson och Jonas Knutsson SLUTS\u00c5LT!"},"content":{"rendered":"\n<p><\/p>\n\n\n\n<p><strong>Torsdag 23 juli kl 14:00 och 16:00<\/strong> (2 f\u00f6rest\u00e4llningar) <br><strong>OBS! Lokal blir Skelleftehamns Folkets hus p\u00e5 Berzeliusgatan <\/strong><\/p>\n\n\n\n<figure class=\"wp-block-image size-large\"><img decoding=\"async\" src=\"https:\/\/www.skelleftejazz.se\/wp-content\/uploads\/2020\/06\/claesJ.jpg\" alt=\"\" class=\"wp-image-4174\"\/><figcaption>Claes in action<\/figcaption><\/figure>\n\n\n\n<p>Medverkande musiker: Claes Janson \u2013 s\u00e5ng, Jonas Knutsson \u2013 sax, Hanz de Waard \u2013 bas, Jerker Johansson \u2013 trummor och Tommy Lakso \u2013 gitarr.<br><\/p>\n\n\n\n<p>Att det blir tv\u00e5 f\u00f6rest\u00e4llningar beror naturligtvis p\u00e5 att eftersom publiken \u00e4r begr\u00e4nsad till 50 personer s\u00e5 \u00e4r det enda chansen om s\u00e5 m\u00e5nga som m\u00f6jligt skall f\u00e5 lyssna. Det finns nu bara biljetter kvar till f\u00f6rest\u00e4llningen kl 14:00<\/p>\n\n\n\n<p><strong>Men maten d\u00e5?<\/strong> Jo Kurjovikens Sj\u00f6krog finns kvar och har \u00f6ppet. Bes\u00f6ker du konserten f\u00e5r du en rabattkupong som ger dig 15% rabatt p\u00e5 valfri mat s\u00e5 p\u00e5 s\u00e5 vis blir du inte snuvad p\u00e5 vare sig mat eller musik! (Rabatten g\u00e4ller bara torsdag 23 juli)<\/p>\n\n\n\n<p>Upplysningar: 070-318 83 18 eller mejl till jazz@akerstrom.nu <\/p>\n","protected":false},"excerpt":{"rendered":"<p>Torsdag 23 juli kl 14:00 och 16:00 (2 f\u00f6rest\u00e4llningar) OBS! Lokal blir Skelleftehamns Folkets hus p\u00e5 Berzeliusgatan Medverkande musiker: Claes Janson \u2013 s\u00e5ng, Jonas Knutsson \u2013 sax, Hanz de Waard \u2013 bas, Jerker Johansson \u2013 trummor och Tommy Lakso \u2013 gitarr. Att det blir tv\u00e5 f\u00f6rest\u00e4llningar beror naturligtvis p\u00e5 att eftersom publiken \u00e4r begr\u00e4nsad till&hellip; <a href=\"https:\/\/www.skelleftejazz.se\/?p=4190\" class=\"read-more\">Forts\u00e4tt l\u00e4sa Claes Janson och Jonas Knutsson SLUTS\u00c5LT!<\/a><\/p>\n","protected":false},"author":1,"featured_media":0,"comment_status":"closed","ping_status":"open","sticky":false,"template":"","format":"standard","meta":{"footnotes":""},"categories":[4],"tags":[],"class_list":["post-4190","post","type-post","status-publish","format-standard","hentry","category-uncategorized-2"],"_links":{"self":[{"href":"https:\/\/www.skelleftejazz.se\/index.php?rest_route=\/wp\/v2\/posts\/4190","targetHints":{"allow":["GET"]}}],"collection":[{"href":"https:\/\/www.skelleftejazz.se\/index.php?rest_route=\/wp\/v2\/posts"}],"about":[{"href":"https:\/\/www.skelleftejazz.se\/index.php?rest_route=\/wp\/v2\/types\/post"}],"author":[{"embeddable":true,"href":"https:\/\/www.skelleftejazz.se\/index.php?rest_route=\/wp\/v2\/users\/1"}],"replies":[{"embeddable":true,"href":"https:\/\/www.skelleftejazz.se\/index.php?rest_route=%2Fwp%2Fv2%2Fcomments&post=4190"}],"version-history":[{"count":5,"href":"https:\/\/www.skelleftejazz.se\/index.php?rest_route=\/wp\/v2\/posts\/4190\/revisions"}],"predecessor-version":[{"id":4196,"href":"https:\/\/www.skelleftejazz.se\/index.php?rest_route=\/wp\/v2\/posts\/4190\/revisions\/4196"}],"wp:attachment":[{"href":"https:\/\/www.skelleftejazz.se\/index.php?rest_route=%2Fwp%2Fv2%2Fmedia&parent=4190"}],"wp:term":[{"taxonomy":"category","embeddable":true,"href":"https:\/\/www.skelleftejazz.se\/index.php?rest_route=%2Fwp%2Fv2%2Fcategories&post=4190"},{"taxonomy":"post_tag","embeddable":true,"href":"https:\/\/www.skelleftejazz.se\/index.php?rest_route=%2Fwp%2Fv2%2Ftags&post=4190"}],"curies":[{"name":"wp","href":"https:\/\/api.w.org\/{rel}","templated":true}]}}