{"id":4178,"date":"2020-06-18T14:36:04","date_gmt":"2020-06-18T13:36:04","guid":{"rendered":"http:\/\/www.skelleftejazz.se\/?p=4178"},"modified":"2020-06-18T14:36:04","modified_gmt":"2020-06-18T13:36:04","slug":"sommarprogram-klart","status":"publish","type":"post","link":"https:\/\/www.skelleftejazz.se\/?p=4178","title":{"rendered":"Sommarprogram klart!"},"content":{"rendered":"\n<p>Corona eller inte. Helt musikfritt g\u00e5r det inte att leva s\u00e5 vi skall f\u00f6rs\u00f6ka med lite sommarmusik. Se programmet &#8211;> <a href=\"https:\/\/www.skelleftejazz.se\/?page_id=4155\">H\u00c4R<\/a><\/p>\n\n\n\n<p>Platsen blir hela tiden gr\u00e4smattan utanf\u00f6r Sj\u00f6krogen. <\/p>\n\n\n\n<figure class=\"wp-block-image size-large\"><img decoding=\"async\" src=\"https:\/\/www.skelleftejazz.se\/wp-content\/uploads\/2020\/06\/IMG_1179-1024x508.jpg\" alt=\"\" class=\"wp-image-4179\"\/><figcaption>Sj\u00f6krogen Br\u00e4dg\u00e5rdsv\u00e4gen 2, Skelleftehamn<\/figcaption><\/figure>\n","protected":false},"excerpt":{"rendered":"<p>Corona eller inte. Helt musikfritt g\u00e5r det inte att leva s\u00e5 vi skall f\u00f6rs\u00f6ka med lite sommarmusik. Se programmet &#8211;> H\u00c4R Platsen blir hela tiden gr\u00e4smattan utanf\u00f6r Sj\u00f6krogen.<\/p>\n","protected":false},"author":1,"featured_media":0,"comment_status":"closed","ping_status":"open","sticky":false,"template":"","format":"standard","meta":{"footnotes":""},"categories":[4],"tags":[],"class_list":["post-4178","post","type-post","status-publish","format-standard","hentry","category-uncategorized-2"],"_links":{"self":[{"href":"https:\/\/www.skelleftejazz.se\/index.php?rest_route=\/wp\/v2\/posts\/4178","targetHints":{"allow":["GET"]}}],"collection":[{"href":"https:\/\/www.skelleftejazz.se\/index.php?rest_route=\/wp\/v2\/posts"}],"about":[{"href":"https:\/\/www.skelleftejazz.se\/index.php?rest_route=\/wp\/v2\/types\/post"}],"author":[{"embeddable":true,"href":"https:\/\/www.skelleftejazz.se\/index.php?rest_route=\/wp\/v2\/users\/1"}],"replies":[{"embeddable":true,"href":"https:\/\/www.skelleftejazz.se\/index.php?rest_route=%2Fwp%2Fv2%2Fcomments&post=4178"}],"version-history":[{"count":1,"href":"https:\/\/www.skelleftejazz.se\/index.php?rest_route=\/wp\/v2\/posts\/4178\/revisions"}],"predecessor-version":[{"id":4180,"href":"https:\/\/www.skelleftejazz.se\/index.php?rest_route=\/wp\/v2\/posts\/4178\/revisions\/4180"}],"wp:attachment":[{"href":"https:\/\/www.skelleftejazz.se\/index.php?rest_route=%2Fwp%2Fv2%2Fmedia&parent=4178"}],"wp:term":[{"taxonomy":"category","embeddable":true,"href":"https:\/\/www.skelleftejazz.se\/index.php?rest_route=%2Fwp%2Fv2%2Fcategories&post=4178"},{"taxonomy":"post_tag","embeddable":true,"href":"https:\/\/www.skelleftejazz.se\/index.php?rest_route=%2Fwp%2Fv2%2Ftags&post=4178"}],"curies":[{"name":"wp","href":"https:\/\/api.w.org\/{rel}","templated":true}]}}