{"id":4147,"date":"2020-04-18T22:10:30","date_gmt":"2020-04-18T21:10:30","guid":{"rendered":"http:\/\/www.skelleftejazz.se\/?p=4147"},"modified":"2020-04-18T22:10:30","modified_gmt":"2020-04-18T21:10:30","slug":"vad-hander-sedan","status":"publish","type":"post","link":"https:\/\/www.skelleftejazz.se\/?p=4147","title":{"rendered":"Vad h\u00e4nder sedan?"},"content":{"rendered":"\n<p>Ja v\u00e5rterminen blev ju inte riktigt som vi t\u00e4nkt oss. Men det \u00e4r bara att bita i det sura \u00e4pplet.<\/p>\n\n\n\n<p>Vi har redan nu planerat lite sommarjazz f\u00f6retr\u00e4desvis i Juli och augusti. Om allt g\u00e5r som planerat f\u00e5r vi bes\u00f6k av Claes Jansson med kamrater, ett g\u00e4ng ungdomsband med musiker som \u00e4r lediga fr\u00e5n sina h\u00f6gskolestudier och ett och annat lokalt bepr\u00f6vat band. Var och exakt n\u00e4r \u00e5terkommer vi om.<\/p>\n\n\n\n<p>H\u00f6stprogrammet bjuder ocks\u00e5 p\u00e5 en del gobitar. Vi kommer att starta terminen redan 10 september med&nbsp;Frida \u00d6hrn (K\u00e4nd fr\u00e5n TV) &amp; The Blue Sounds.<\/p>\n\n\n\n<p>Lite senare kommer Norrbotten Big Band med musikals\u00e5ngaren&nbsp;Erik Gullbrandsson som hyllar&nbsp;Stephen Sondheim. Mannen som skrev bl.a texterna till West Side Story.&nbsp;&nbsp;Bland hans verk \u00e5terfinns klassiker som Sweeney Todd, Into the Woods och A little night music. Den sista inneh\u00e5ller bland annat v\u00e4rldshiten Send in the clowns.<\/p>\n\n\n\n<p>Vi har ocks\u00e5 lyckats boka&nbsp;Stockholm Voices, s\u00e5nggruppen som bes\u00f6kt oss f\u00f6r n\u00e5gra \u00e5r sedan, gruppen Walk Tall med&nbsp;Per &#8221;Rusktr\u00e4sk&#8221; Johansson, &nbsp;altsax, Karl Olandersson, &nbsp;trumpet (alt Tobias Wiklund trumpet\/kornett) Leo Lindberg, &nbsp;piano, rhodes, orgel Moussa Fadera, trummor och Martin Sj\u00f6stedt, bas och kapellm\u00e4stare.<\/p>\n\n\n\n<p>Stockholm Swing All Stars som skulle bes\u00f6kt oss under v\u00e5ren kommer i februari 2021 i st\u00e4llet.<\/p>\n\n\n\n<p>S\u00e5 ni ser! Det finns hopp. Bara det h\u00e4r viruset ger upp s\u00e5 blir det en fin sommar och en bra h\u00f6st.<\/p>\n\n\n\n<p>Vi \u00e5terkommer n\u00e4r biljetter b\u00f6rjar s\u00e4ljas.<\/p>\n\n\n\n<p>Till dess, sk\u00f6t om er!<\/p>\n","protected":false},"excerpt":{"rendered":"<p>Ja v\u00e5rterminen blev ju inte riktigt som vi t\u00e4nkt oss. Men det \u00e4r bara att bita i det sura \u00e4pplet. Vi har redan nu planerat lite sommarjazz f\u00f6retr\u00e4desvis i Juli och augusti. Om allt g\u00e5r som planerat f\u00e5r vi bes\u00f6k av Claes Jansson med kamrater, ett g\u00e4ng ungdomsband med musiker som \u00e4r lediga fr\u00e5n sina&hellip; <a href=\"https:\/\/www.skelleftejazz.se\/?p=4147\" class=\"read-more\">Forts\u00e4tt l\u00e4sa Vad h\u00e4nder sedan?<\/a><\/p>\n","protected":false},"author":1,"featured_media":0,"comment_status":"closed","ping_status":"open","sticky":false,"template":"","format":"standard","meta":{"footnotes":""},"categories":[4],"tags":[],"class_list":["post-4147","post","type-post","status-publish","format-standard","hentry","category-uncategorized-2"],"_links":{"self":[{"href":"https:\/\/www.skelleftejazz.se\/index.php?rest_route=\/wp\/v2\/posts\/4147","targetHints":{"allow":["GET"]}}],"collection":[{"href":"https:\/\/www.skelleftejazz.se\/index.php?rest_route=\/wp\/v2\/posts"}],"about":[{"href":"https:\/\/www.skelleftejazz.se\/index.php?rest_route=\/wp\/v2\/types\/post"}],"author":[{"embeddable":true,"href":"https:\/\/www.skelleftejazz.se\/index.php?rest_route=\/wp\/v2\/users\/1"}],"replies":[{"embeddable":true,"href":"https:\/\/www.skelleftejazz.se\/index.php?rest_route=%2Fwp%2Fv2%2Fcomments&post=4147"}],"version-history":[{"count":1,"href":"https:\/\/www.skelleftejazz.se\/index.php?rest_route=\/wp\/v2\/posts\/4147\/revisions"}],"predecessor-version":[{"id":4148,"href":"https:\/\/www.skelleftejazz.se\/index.php?rest_route=\/wp\/v2\/posts\/4147\/revisions\/4148"}],"wp:attachment":[{"href":"https:\/\/www.skelleftejazz.se\/index.php?rest_route=%2Fwp%2Fv2%2Fmedia&parent=4147"}],"wp:term":[{"taxonomy":"category","embeddable":true,"href":"https:\/\/www.skelleftejazz.se\/index.php?rest_route=%2Fwp%2Fv2%2Fcategories&post=4147"},{"taxonomy":"post_tag","embeddable":true,"href":"https:\/\/www.skelleftejazz.se\/index.php?rest_route=%2Fwp%2Fv2%2Ftags&post=4147"}],"curies":[{"name":"wp","href":"https:\/\/api.w.org\/{rel}","templated":true}]}}