{"id":4132,"date":"2020-03-12T15:45:04","date_gmt":"2020-03-12T14:45:04","guid":{"rendered":"http:\/\/www.skelleftejazz.se\/?p=4132"},"modified":"2020-04-02T22:17:40","modified_gmt":"2020-04-02T21:17:40","slug":"coronaviruset-och-jazzkonserter","status":"publish","type":"post","link":"https:\/\/www.skelleftejazz.se\/?p=4132","title":{"rendered":"Coronaviruset och jazzkonserter"},"content":{"rendered":"\n<p>Jazzklubben Boston har beslutat st\u00e4lla in jazzkaf\u00e9et l\u00f6rdag 21 mars med Reunion. Vi kommer ocks\u00e5 att st\u00e4lla in &#8221;S\u00e5ngfrossan&#8221; som \u00e4r annonserad l\u00f6rdag 4 april. Vi har nu ocks\u00e5 sett oss tvingade att st\u00e4lla in L\u00f6rdag 28 mars.<\/p>\n\n\n\n<p><strong><s>L\u00f6rdag 28 mars 13:00 Nor<\/s><\/strong><s>dan\u00e5teatern Stockholm Swing All Stars <\/s><br><\/p>\n\n\n\n<p><s><strong>L\u00f6rdag 25 april 13:00 Nordan\u00e5teatern Champian Fulton <\/strong> <\/s><\/p>\n\n\n\n<p>N\u00e5gra av de inst\u00e4llda konserterna kommer att ombokas till i h\u00f6st och n\u00e5gra till 2021. Vi ber att f\u00e5 \u00e5terkomma. <\/p>\n\n\n\n<p><br>Sk\u00f6t om er! Tv\u00e4tta h\u00e4nderna och krama inte folk i on\u00f6dan!<\/p>\n","protected":false},"excerpt":{"rendered":"<p>Jazzklubben Boston har beslutat st\u00e4lla in jazzkaf\u00e9et l\u00f6rdag 21 mars med Reunion. Vi kommer ocks\u00e5 att st\u00e4lla in &#8221;S\u00e5ngfrossan&#8221; som \u00e4r annonserad l\u00f6rdag 4 april. Vi har nu ocks\u00e5 sett oss tvingade att st\u00e4lla in L\u00f6rdag 28 mars. L\u00f6rdag 28 mars 13:00 Nordan\u00e5teatern Stockholm Swing All Stars L\u00f6rdag 25 april 13:00 Nordan\u00e5teatern Champian Fulton N\u00e5gra&hellip; <a href=\"https:\/\/www.skelleftejazz.se\/?p=4132\" class=\"read-more\">Forts\u00e4tt l\u00e4sa Coronaviruset och jazzkonserter<\/a><\/p>\n","protected":false},"author":1,"featured_media":0,"comment_status":"closed","ping_status":"open","sticky":false,"template":"","format":"standard","meta":{"footnotes":""},"categories":[4],"tags":[],"class_list":["post-4132","post","type-post","status-publish","format-standard","hentry","category-uncategorized-2"],"_links":{"self":[{"href":"https:\/\/www.skelleftejazz.se\/index.php?rest_route=\/wp\/v2\/posts\/4132","targetHints":{"allow":["GET"]}}],"collection":[{"href":"https:\/\/www.skelleftejazz.se\/index.php?rest_route=\/wp\/v2\/posts"}],"about":[{"href":"https:\/\/www.skelleftejazz.se\/index.php?rest_route=\/wp\/v2\/types\/post"}],"author":[{"embeddable":true,"href":"https:\/\/www.skelleftejazz.se\/index.php?rest_route=\/wp\/v2\/users\/1"}],"replies":[{"embeddable":true,"href":"https:\/\/www.skelleftejazz.se\/index.php?rest_route=%2Fwp%2Fv2%2Fcomments&post=4132"}],"version-history":[{"count":5,"href":"https:\/\/www.skelleftejazz.se\/index.php?rest_route=\/wp\/v2\/posts\/4132\/revisions"}],"predecessor-version":[{"id":4142,"href":"https:\/\/www.skelleftejazz.se\/index.php?rest_route=\/wp\/v2\/posts\/4132\/revisions\/4142"}],"wp:attachment":[{"href":"https:\/\/www.skelleftejazz.se\/index.php?rest_route=%2Fwp%2Fv2%2Fmedia&parent=4132"}],"wp:term":[{"taxonomy":"category","embeddable":true,"href":"https:\/\/www.skelleftejazz.se\/index.php?rest_route=%2Fwp%2Fv2%2Fcategories&post=4132"},{"taxonomy":"post_tag","embeddable":true,"href":"https:\/\/www.skelleftejazz.se\/index.php?rest_route=%2Fwp%2Fv2%2Ftags&post=4132"}],"curies":[{"name":"wp","href":"https:\/\/api.w.org\/{rel}","templated":true}]}}