{"id":4129,"date":"2020-03-10T21:22:55","date_gmt":"2020-03-10T20:22:55","guid":{"rendered":"http:\/\/www.skelleftejazz.se\/?p=4129"},"modified":"2020-03-10T21:22:55","modified_gmt":"2020-03-10T20:22:55","slug":"kurt-rosenwinkel-standards-trio","status":"publish","type":"post","link":"https:\/\/www.skelleftejazz.se\/?p=4129","title":{"rendered":"Kurt Rosenwinkel Standards Trio"},"content":{"rendered":"\n<p><strong>L\u00f6rdag 14 mars 13:00 DFC. <\/strong><\/p>\n\n\n\n<figure class=\"wp-block-image\"><img decoding=\"async\" src=\"https:\/\/www.skelleftejazz.se\/wp-content\/uploads\/2020\/01\/KurtBandW.jpg\" alt=\"\" class=\"wp-image-4073\"\/><\/figure>\n\n\n\n<p>Kurt\u00a0Rosenwinkel (USA) \u2013 gitarr, <br>Dario Deidda (Italien) \u2013 elbas, <br>Mark Withfield Jr (USA). \u2013 trummor. <br>Vi kommer att f\u00e5 h\u00f6ra en m\u00e5ngsidig gitarrist som nu varit i sv\u00e4ngen under 25 \u00e5r. F\u00f6r n\u00e5gra \u00e5r sedan synlig p\u00e5 Jazzfestivalen i Ume\u00e5. H\u00e4r kan man provlyssna lite ->\u00a0<a rel=\"noreferrer noopener\" href=\"https:\/\/www.youtube.com\/watch?v=Q1GtgnAdIVY\" target=\"_blank\">Youtube<\/a><br><em>Konsert ges i samarbete med MusikV\u00e4sternorrland.<\/em><\/p>\n","protected":false},"excerpt":{"rendered":"<p>L\u00f6rdag 14 mars 13:00 DFC. Kurt\u00a0Rosenwinkel (USA) \u2013 gitarr, Dario Deidda (Italien) \u2013 elbas, Mark Withfield Jr (USA). \u2013 trummor. Vi kommer att f\u00e5 h\u00f6ra en m\u00e5ngsidig gitarrist som nu varit i sv\u00e4ngen under 25 \u00e5r. F\u00f6r n\u00e5gra \u00e5r sedan synlig p\u00e5 Jazzfestivalen i Ume\u00e5. H\u00e4r kan man provlyssna lite ->\u00a0YoutubeKonsert ges i samarbete med&hellip; <a href=\"https:\/\/www.skelleftejazz.se\/?p=4129\" class=\"read-more\">Forts\u00e4tt l\u00e4sa Kurt Rosenwinkel Standards Trio<\/a><\/p>\n","protected":false},"author":1,"featured_media":0,"comment_status":"closed","ping_status":"open","sticky":false,"template":"","format":"standard","meta":{"footnotes":""},"categories":[4],"tags":[],"class_list":["post-4129","post","type-post","status-publish","format-standard","hentry","category-uncategorized-2"],"_links":{"self":[{"href":"https:\/\/www.skelleftejazz.se\/index.php?rest_route=\/wp\/v2\/posts\/4129","targetHints":{"allow":["GET"]}}],"collection":[{"href":"https:\/\/www.skelleftejazz.se\/index.php?rest_route=\/wp\/v2\/posts"}],"about":[{"href":"https:\/\/www.skelleftejazz.se\/index.php?rest_route=\/wp\/v2\/types\/post"}],"author":[{"embeddable":true,"href":"https:\/\/www.skelleftejazz.se\/index.php?rest_route=\/wp\/v2\/users\/1"}],"replies":[{"embeddable":true,"href":"https:\/\/www.skelleftejazz.se\/index.php?rest_route=%2Fwp%2Fv2%2Fcomments&post=4129"}],"version-history":[{"count":1,"href":"https:\/\/www.skelleftejazz.se\/index.php?rest_route=\/wp\/v2\/posts\/4129\/revisions"}],"predecessor-version":[{"id":4130,"href":"https:\/\/www.skelleftejazz.se\/index.php?rest_route=\/wp\/v2\/posts\/4129\/revisions\/4130"}],"wp:attachment":[{"href":"https:\/\/www.skelleftejazz.se\/index.php?rest_route=%2Fwp%2Fv2%2Fmedia&parent=4129"}],"wp:term":[{"taxonomy":"category","embeddable":true,"href":"https:\/\/www.skelleftejazz.se\/index.php?rest_route=%2Fwp%2Fv2%2Fcategories&post=4129"},{"taxonomy":"post_tag","embeddable":true,"href":"https:\/\/www.skelleftejazz.se\/index.php?rest_route=%2Fwp%2Fv2%2Ftags&post=4129"}],"curies":[{"name":"wp","href":"https:\/\/api.w.org\/{rel}","templated":true}]}}