{"id":4095,"date":"2020-02-09T16:53:00","date_gmt":"2020-02-09T15:53:00","guid":{"rendered":"http:\/\/www.skelleftejazz.se\/?p=4095"},"modified":"2020-02-11T19:31:27","modified_gmt":"2020-02-11T18:31:27","slug":"lordag-15-feb-1300-dfc-david-back-o-celso-pako","status":"publish","type":"post","link":"https:\/\/www.skelleftejazz.se\/?p=4095","title":{"rendered":"L\u00f6rdag 15 feb 13:00 DFC. David B\u00e4ck o Celso Pako"},"content":{"rendered":"\n<p>Musiken som ett s\u00e4tt att skapa gemenskap och gl\u00e4dje blir s\u00e4llan s\u00e5 tydligt<br>som n\u00e4r man m\u00f6ter pianisten David B\u00e4ck och slagverkaren\/dansaren Celso Paco. Tillsammans har de gjort World Music Culture Club till en m\u00e5ngkulturell m\u00f6tesplats \u2013 en inspiration till hur vi tillsammans kan skapa en v\u00e4rld som inkluderar oss alla. Alla f\u00e5r va\u00b4 me\u00b4!<\/p>\n\n\n\n<p>Med jazz och folkmusik fr\u00e5n hela v\u00e4rlden inom sig spelar de och jammar loss<br>tillsammans med musikerv\u00e4nner fr\u00e5n Skellefte\u00e5. Allt under ledning av Planetapristagaren 2017, David B\u00e4ck. H\u00e4r ett klipp d\u00e4r David ber\u00e4ttar lite om sin syn p\u00e5 att g\u00f6ra musik:&nbsp;<a rel=\"noreferrer noopener\" href=\"https:\/\/www.youtube.com\/watch?v=CpWElBOzQjI\" target=\"_blank\"><strong>YouTube<\/strong><\/a><\/p>\n\n\n\n<figure class=\"wp-block-image size-large\"><img loading=\"lazy\" decoding=\"async\" width=\"449\" height=\"244\" src=\"https:\/\/www.skelleftejazz.se\/wp-content\/uploads\/2020\/02\/david.jpg\" alt=\"\" class=\"wp-image-4099\" srcset=\"https:\/\/www.skelleftejazz.se\/wp-content\/uploads\/2020\/02\/david.jpg 449w, https:\/\/www.skelleftejazz.se\/wp-content\/uploads\/2020\/02\/david-300x163.jpg 300w\" sizes=\"auto, (max-width: 449px) 100vw, 449px\" \/><\/figure>\n\n\n\n<p>Musiker: David B\u00e4ck \u2013 piano, Celso Paco \u2013 slagverk, Susanna Hedlund \u2013 fl\u00f6jt, Ingrid Arvidsson, Lage Johansson o Stefan Lindberg \u2013 saxofoner, Johan H\u00e4llgren \u2013 trombon, Jacob H\u00e4llgren \u2013 bas, samt elever fr\u00e5n Skellefte\u00e5 Kulturskola.&nbsp;<em>Ett samarbete med Kulturskolan.<\/em><\/p>\n","protected":false},"excerpt":{"rendered":"<p>Musiken som ett s\u00e4tt att skapa gemenskap och gl\u00e4dje blir s\u00e4llan s\u00e5 tydligtsom n\u00e4r man m\u00f6ter pianisten David B\u00e4ck och slagverkaren\/dansaren Celso Paco. Tillsammans har de gjort World Music Culture Club till en m\u00e5ngkulturell m\u00f6tesplats \u2013 en inspiration till hur vi tillsammans kan skapa en v\u00e4rld som inkluderar oss alla. Alla f\u00e5r va\u00b4 me\u00b4! Med&hellip; <a href=\"https:\/\/www.skelleftejazz.se\/?p=4095\" class=\"read-more\">Forts\u00e4tt l\u00e4sa L\u00f6rdag 15 feb 13:00 DFC. David B\u00e4ck o Celso Pako<\/a><\/p>\n","protected":false},"author":1,"featured_media":0,"comment_status":"closed","ping_status":"open","sticky":false,"template":"","format":"standard","meta":{"footnotes":""},"categories":[4],"tags":[],"class_list":["post-4095","post","type-post","status-publish","format-standard","hentry","category-uncategorized-2"],"_links":{"self":[{"href":"https:\/\/www.skelleftejazz.se\/index.php?rest_route=\/wp\/v2\/posts\/4095","targetHints":{"allow":["GET"]}}],"collection":[{"href":"https:\/\/www.skelleftejazz.se\/index.php?rest_route=\/wp\/v2\/posts"}],"about":[{"href":"https:\/\/www.skelleftejazz.se\/index.php?rest_route=\/wp\/v2\/types\/post"}],"author":[{"embeddable":true,"href":"https:\/\/www.skelleftejazz.se\/index.php?rest_route=\/wp\/v2\/users\/1"}],"replies":[{"embeddable":true,"href":"https:\/\/www.skelleftejazz.se\/index.php?rest_route=%2Fwp%2Fv2%2Fcomments&post=4095"}],"version-history":[{"count":2,"href":"https:\/\/www.skelleftejazz.se\/index.php?rest_route=\/wp\/v2\/posts\/4095\/revisions"}],"predecessor-version":[{"id":4100,"href":"https:\/\/www.skelleftejazz.se\/index.php?rest_route=\/wp\/v2\/posts\/4095\/revisions\/4100"}],"wp:attachment":[{"href":"https:\/\/www.skelleftejazz.se\/index.php?rest_route=%2Fwp%2Fv2%2Fmedia&parent=4095"}],"wp:term":[{"taxonomy":"category","embeddable":true,"href":"https:\/\/www.skelleftejazz.se\/index.php?rest_route=%2Fwp%2Fv2%2Fcategories&post=4095"},{"taxonomy":"post_tag","embeddable":true,"href":"https:\/\/www.skelleftejazz.se\/index.php?rest_route=%2Fwp%2Fv2%2Ftags&post=4095"}],"curies":[{"name":"wp","href":"https:\/\/api.w.org\/{rel}","templated":true}]}}