{"id":4023,"date":"2019-12-02T13:59:10","date_gmt":"2019-12-02T12:59:10","guid":{"rendered":"http:\/\/www.skelleftejazz.se\/?p=4023"},"modified":"2019-12-02T13:59:10","modified_gmt":"2019-12-02T12:59:10","slug":"bill-ohrstrom-blues-into-jazz","status":"publish","type":"post","link":"https:\/\/www.skelleftejazz.se\/?p=4023","title":{"rendered":"Bill \u00d6hrstr\u00f6m Blues into Jazz"},"content":{"rendered":"\n<h4 class=\"wp-block-heading\">L\u00f6rdag 2019-12-07 13:00 Din Fest Campus<\/h4>\n\n\n\n<div class=\"wp-block-image\"><figure class=\"alignleft\"><a href=\"https:\/\/www.skelleftejazz.se\/wp-content\/uploads\/2019\/09\/bill.jpg\"><img loading=\"lazy\" decoding=\"async\" width=\"232\" height=\"300\" src=\"https:\/\/www.skelleftejazz.se\/wp-content\/uploads\/2019\/09\/bill-232x300.jpg\" alt=\"\" class=\"wp-image-3934\" srcset=\"https:\/\/www.skelleftejazz.se\/wp-content\/uploads\/2019\/09\/bill-232x300.jpg 232w, https:\/\/www.skelleftejazz.se\/wp-content\/uploads\/2019\/09\/bill.jpg 670w\" sizes=\"auto, (max-width: 232px) 100vw, 232px\" \/><\/a><\/figure><\/div>\n\n\n\n<p>Bluesmannen Bill \u00d6hrstr\u00f6m \u00e4r en legendar p\u00e5 den svenska bluesscenen. H\u00e4r m\u00f6ter vi s\u00e5ngaren och munspelaren i b\u00e4sta t\u00e4nkbara s\u00e4llskap. Gitarristen Max Schultz, basisten Patrik Boman, pianisten Stefan Nilsson och trumslagaren Andr\u00e9 Borgstr\u00f6m \u00e4r alla framst\u00e5ende jazzmusiker. Tillsammans g\u00f6r de bluestolkningar av jazzstandards och vice versa.<br>Kolla in:&nbsp;<a href=\"https:\/\/www.youtube.com\/watch?v=pS5-TO6QysU\" target=\"_blank\" rel=\"noreferrer noopener\">H\u00c4R&nbsp;<\/a><\/p>\n\n\n\n<p>Bill \u00d6hrstr\u00f6m har under sin l\u00e5nga karri\u00e4r jammat med Jimi Hendrix och h\u00f6ll p\u00e5 att bli The Who\u2019s f\u00f6rste s\u00e5ngare. H\u00e4r hemma har han bland annat samarbetat med bluespianisten Slim Notini och organisten Bo Hansson (Hansson &amp; Carlsson)<\/p>\n","protected":false},"excerpt":{"rendered":"<p>L\u00f6rdag 2019-12-07 13:00 Din Fest Campus Bluesmannen Bill \u00d6hrstr\u00f6m \u00e4r en legendar p\u00e5 den svenska bluesscenen. H\u00e4r m\u00f6ter vi s\u00e5ngaren och munspelaren i b\u00e4sta t\u00e4nkbara s\u00e4llskap. Gitarristen Max Schultz, basisten Patrik Boman, pianisten Stefan Nilsson och trumslagaren Andr\u00e9 Borgstr\u00f6m \u00e4r alla framst\u00e5ende jazzmusiker. Tillsammans g\u00f6r de bluestolkningar av jazzstandards och vice versa.Kolla in:&nbsp;H\u00c4R&nbsp; Bill \u00d6hrstr\u00f6m&hellip; <a href=\"https:\/\/www.skelleftejazz.se\/?p=4023\" class=\"read-more\">Forts\u00e4tt l\u00e4sa Bill \u00d6hrstr\u00f6m Blues into Jazz<\/a><\/p>\n","protected":false},"author":1,"featured_media":0,"comment_status":"closed","ping_status":"open","sticky":false,"template":"","format":"standard","meta":{"footnotes":""},"categories":[4],"tags":[],"class_list":["post-4023","post","type-post","status-publish","format-standard","hentry","category-uncategorized-2"],"_links":{"self":[{"href":"https:\/\/www.skelleftejazz.se\/index.php?rest_route=\/wp\/v2\/posts\/4023","targetHints":{"allow":["GET"]}}],"collection":[{"href":"https:\/\/www.skelleftejazz.se\/index.php?rest_route=\/wp\/v2\/posts"}],"about":[{"href":"https:\/\/www.skelleftejazz.se\/index.php?rest_route=\/wp\/v2\/types\/post"}],"author":[{"embeddable":true,"href":"https:\/\/www.skelleftejazz.se\/index.php?rest_route=\/wp\/v2\/users\/1"}],"replies":[{"embeddable":true,"href":"https:\/\/www.skelleftejazz.se\/index.php?rest_route=%2Fwp%2Fv2%2Fcomments&post=4023"}],"version-history":[{"count":1,"href":"https:\/\/www.skelleftejazz.se\/index.php?rest_route=\/wp\/v2\/posts\/4023\/revisions"}],"predecessor-version":[{"id":4024,"href":"https:\/\/www.skelleftejazz.se\/index.php?rest_route=\/wp\/v2\/posts\/4023\/revisions\/4024"}],"wp:attachment":[{"href":"https:\/\/www.skelleftejazz.se\/index.php?rest_route=%2Fwp%2Fv2%2Fmedia&parent=4023"}],"wp:term":[{"taxonomy":"category","embeddable":true,"href":"https:\/\/www.skelleftejazz.se\/index.php?rest_route=%2Fwp%2Fv2%2Fcategories&post=4023"},{"taxonomy":"post_tag","embeddable":true,"href":"https:\/\/www.skelleftejazz.se\/index.php?rest_route=%2Fwp%2Fv2%2Ftags&post=4023"}],"curies":[{"name":"wp","href":"https:\/\/api.w.org\/{rel}","templated":true}]}}