{"id":3989,"date":"2019-10-14T19:08:18","date_gmt":"2019-10-14T18:08:18","guid":{"rendered":"http:\/\/www.skelleftejazz.se\/?p=3989"},"modified":"2019-10-14T19:08:18","modified_gmt":"2019-10-14T18:08:18","slug":"dick-grubbstroms-vibrafonkvintett-med-ulrica-lundmark","status":"publish","type":"post","link":"https:\/\/www.skelleftejazz.se\/?p=3989","title":{"rendered":"Dick Grubbstr\u00f6ms vibrafonkvintett med Ulrica Lundmark"},"content":{"rendered":"\n<h4 class=\"wp-block-heading\">L\u00f6 2019-10-19 13:00 DFC<\/h4>\n\n\n\n<div class=\"wp-block-image\"><figure class=\"aligncenter\"><a href=\"https:\/\/www.skelleftejazz.se\/wp-content\/uploads\/2019\/09\/IMG_8706.jpg\"><img decoding=\"async\" src=\"https:\/\/www.skelleftejazz.se\/wp-content\/uploads\/2019\/09\/IMG_8706-1024x512.jpg\" alt=\"\" class=\"wp-image-3917\"\/><\/a><figcaption>Bagarbarnen samlade p\u00e5 DFC<\/figcaption><\/figure><\/div>\n\n\n\n<p>Ulrica Lundmark \u2013 s\u00e5ng, Erik Holmstr\u00f6m \u2013 vibrafon, \u00c5ke \u00d6stman \u2013 gitarr, Dick Grubbstr\u00f6m \u2013 piano, Magnus Bergner \u2013 bas, Peter Melender \u2013 trummor. Ni vet det h\u00e4r g\u00e4nget som det av och till kan sv\u00e4nga r\u00e4tt bra om om man s\u00e4ger s\u00e5.<br>.<br><\/p>\n","protected":false},"excerpt":{"rendered":"<p>L\u00f6 2019-10-19 13:00 DFC Ulrica Lundmark \u2013 s\u00e5ng, Erik Holmstr\u00f6m \u2013 vibrafon, \u00c5ke \u00d6stman \u2013 gitarr, Dick Grubbstr\u00f6m \u2013 piano, Magnus Bergner \u2013 bas, Peter Melender \u2013 trummor. Ni vet det h\u00e4r g\u00e4nget som det av och till kan sv\u00e4nga r\u00e4tt bra om om man s\u00e4ger s\u00e5..<\/p>\n","protected":false},"author":1,"featured_media":0,"comment_status":"closed","ping_status":"open","sticky":false,"template":"","format":"standard","meta":{"footnotes":""},"categories":[4],"tags":[],"class_list":["post-3989","post","type-post","status-publish","format-standard","hentry","category-uncategorized-2"],"_links":{"self":[{"href":"https:\/\/www.skelleftejazz.se\/index.php?rest_route=\/wp\/v2\/posts\/3989","targetHints":{"allow":["GET"]}}],"collection":[{"href":"https:\/\/www.skelleftejazz.se\/index.php?rest_route=\/wp\/v2\/posts"}],"about":[{"href":"https:\/\/www.skelleftejazz.se\/index.php?rest_route=\/wp\/v2\/types\/post"}],"author":[{"embeddable":true,"href":"https:\/\/www.skelleftejazz.se\/index.php?rest_route=\/wp\/v2\/users\/1"}],"replies":[{"embeddable":true,"href":"https:\/\/www.skelleftejazz.se\/index.php?rest_route=%2Fwp%2Fv2%2Fcomments&post=3989"}],"version-history":[{"count":1,"href":"https:\/\/www.skelleftejazz.se\/index.php?rest_route=\/wp\/v2\/posts\/3989\/revisions"}],"predecessor-version":[{"id":3990,"href":"https:\/\/www.skelleftejazz.se\/index.php?rest_route=\/wp\/v2\/posts\/3989\/revisions\/3990"}],"wp:attachment":[{"href":"https:\/\/www.skelleftejazz.se\/index.php?rest_route=%2Fwp%2Fv2%2Fmedia&parent=3989"}],"wp:term":[{"taxonomy":"category","embeddable":true,"href":"https:\/\/www.skelleftejazz.se\/index.php?rest_route=%2Fwp%2Fv2%2Fcategories&post=3989"},{"taxonomy":"post_tag","embeddable":true,"href":"https:\/\/www.skelleftejazz.se\/index.php?rest_route=%2Fwp%2Fv2%2Ftags&post=3989"}],"curies":[{"name":"wp","href":"https:\/\/api.w.org\/{rel}","templated":true}]}}