{"id":3822,"date":"2019-04-06T18:44:04","date_gmt":"2019-04-06T17:44:04","guid":{"rendered":"http:\/\/www.skelleftejazz.se\/?p=3822"},"modified":"2019-04-06T18:52:38","modified_gmt":"2019-04-06T17:52:38","slug":"lordag-13-april-1300-dfc-saxofonfrossa","status":"publish","type":"post","link":"https:\/\/www.skelleftejazz.se\/?p=3822","title":{"rendered":"L\u00f6rdag 13 april 13:00 DFC, \u201dSaxofonfrossa\u201d"},"content":{"rendered":"\n<p>V\u00e5rens sista kaf\u00e9. Vi har bjussat in ett helt g\u00e4ng saxofonister fr\u00e5n n\u00e4romr\u00e5det \u2026. Vi har icke mindre \u00e4n 17 st som sl\u00e5ss om en plats p\u00e5 scen. Varje saxofonist har sj\u00e4lv f\u00e5tt best\u00e4mma en eller tv\u00e5 l\u00e5tar. Kompet best\u00e5r av Tor Holmstr\u00f6m, Magnus Bergner och Torsten Andersson.<\/p>\n\n\n\n<figure class=\"wp-block-image\"><img decoding=\"async\" src=\"https:\/\/www.skelleftejazz.se\/wp-content\/uploads\/2019\/04\/IMG_3840-990x1024.jpg\" alt=\"\" class=\"wp-image-3823\"\/><figcaption>Saxofonfrossa. Till det intar man g\u00e4rna kaffe och en bakelse.<\/figcaption><\/figure>\n","protected":false},"excerpt":{"rendered":"<p>V\u00e5rens sista kaf\u00e9. Vi har bjussat in ett helt g\u00e4ng saxofonister fr\u00e5n n\u00e4romr\u00e5det \u2026. Vi har icke mindre \u00e4n 17 st som sl\u00e5ss om en plats p\u00e5 scen. Varje saxofonist har sj\u00e4lv f\u00e5tt best\u00e4mma en eller tv\u00e5 l\u00e5tar. Kompet best\u00e5r av Tor Holmstr\u00f6m, Magnus Bergner och Torsten Andersson.<\/p>\n","protected":false},"author":1,"featured_media":0,"comment_status":"closed","ping_status":"open","sticky":false,"template":"","format":"standard","meta":{"footnotes":""},"categories":[4],"tags":[],"class_list":["post-3822","post","type-post","status-publish","format-standard","hentry","category-uncategorized-2"],"_links":{"self":[{"href":"https:\/\/www.skelleftejazz.se\/index.php?rest_route=\/wp\/v2\/posts\/3822","targetHints":{"allow":["GET"]}}],"collection":[{"href":"https:\/\/www.skelleftejazz.se\/index.php?rest_route=\/wp\/v2\/posts"}],"about":[{"href":"https:\/\/www.skelleftejazz.se\/index.php?rest_route=\/wp\/v2\/types\/post"}],"author":[{"embeddable":true,"href":"https:\/\/www.skelleftejazz.se\/index.php?rest_route=\/wp\/v2\/users\/1"}],"replies":[{"embeddable":true,"href":"https:\/\/www.skelleftejazz.se\/index.php?rest_route=%2Fwp%2Fv2%2Fcomments&post=3822"}],"version-history":[{"count":2,"href":"https:\/\/www.skelleftejazz.se\/index.php?rest_route=\/wp\/v2\/posts\/3822\/revisions"}],"predecessor-version":[{"id":3825,"href":"https:\/\/www.skelleftejazz.se\/index.php?rest_route=\/wp\/v2\/posts\/3822\/revisions\/3825"}],"wp:attachment":[{"href":"https:\/\/www.skelleftejazz.se\/index.php?rest_route=%2Fwp%2Fv2%2Fmedia&parent=3822"}],"wp:term":[{"taxonomy":"category","embeddable":true,"href":"https:\/\/www.skelleftejazz.se\/index.php?rest_route=%2Fwp%2Fv2%2Fcategories&post=3822"},{"taxonomy":"post_tag","embeddable":true,"href":"https:\/\/www.skelleftejazz.se\/index.php?rest_route=%2Fwp%2Fv2%2Ftags&post=3822"}],"curies":[{"name":"wp","href":"https:\/\/api.w.org\/{rel}","templated":true}]}}