{"id":3820,"date":"2019-03-31T16:48:23","date_gmt":"2019-03-31T15:48:23","guid":{"rendered":"http:\/\/www.skelleftejazz.se\/?p=3820"},"modified":"2019-03-31T16:48:23","modified_gmt":"2019-03-31T15:48:23","slug":"lordag-6-april-1300-dfc","status":"publish","type":"post","link":"https:\/\/www.skelleftejazz.se\/?p=3820","title":{"rendered":"L\u00f6rdag 6 april 13:00 DFC,"},"content":{"rendered":"\n<h4 class=\"wp-block-heading\" id=\"mce_29\">Alfred Hellstr\u00f6m Kvartett med Gunilla T\u00f6rnfeldt<\/h4>\n\n\n\n<p>Denna orkester framtr\u00e4dde sommaren 2018 i Svedjan under rubriken \u201dJazz i kohagen\u201d. En helt fantastisk sommardag. Alfred Hellstr\u00f6m \u2013 trummor, Gunilla T\u00f6rnfeldt \u2013 s\u00e5ng, Anders L\u00f6fgren \u2013 bas, Pontus F\u00e4llman \u2013 gitarr och Kalle Johansson \u2013 piano.<br>H\u00e4r ett litet bildspel fr\u00e5n i somras: <a rel=\"noreferrer noopener\" aria-label=\"https:\/\/myalbum.com\/album\/8QG9ToF6mrnx (\u00f6ppnas i en ny flik)\" href=\"https:\/\/myalbum.com\/album\/8QG9ToF6mrnx\" target=\"_blank\">https:\/\/myalbum.com\/album\/8QG9ToF6mrnx<\/a><\/p>\n\n\n\n<figure class=\"wp-block-image\"><img loading=\"lazy\" decoding=\"async\" width=\"1024\" height=\"677\" src=\"https:\/\/www.skelleftejazz.se\/wp-content\/uploads\/2018\/12\/IMG_0896-1024x677.jpg\" alt=\"\" class=\"wp-image-3698\" srcset=\"https:\/\/www.skelleftejazz.se\/wp-content\/uploads\/2018\/12\/IMG_0896-1024x677.jpg 1024w, https:\/\/www.skelleftejazz.se\/wp-content\/uploads\/2018\/12\/IMG_0896-300x198.jpg 300w, https:\/\/www.skelleftejazz.se\/wp-content\/uploads\/2018\/12\/IMG_0896-768x508.jpg 768w\" sizes=\"auto, (max-width: 1024px) 100vw, 1024px\" \/><\/figure>\n","protected":false},"excerpt":{"rendered":"<p>Alfred Hellstr\u00f6m Kvartett med Gunilla T\u00f6rnfeldt Denna orkester framtr\u00e4dde sommaren 2018 i Svedjan under rubriken \u201dJazz i kohagen\u201d. En helt fantastisk sommardag. Alfred Hellstr\u00f6m \u2013 trummor, Gunilla T\u00f6rnfeldt \u2013 s\u00e5ng, Anders L\u00f6fgren \u2013 bas, Pontus F\u00e4llman \u2013 gitarr och Kalle Johansson \u2013 piano.H\u00e4r ett litet bildspel fr\u00e5n i somras: https:\/\/myalbum.com\/album\/8QG9ToF6mrnx<\/p>\n","protected":false},"author":1,"featured_media":0,"comment_status":"closed","ping_status":"open","sticky":false,"template":"","format":"standard","meta":{"footnotes":""},"categories":[4],"tags":[],"class_list":["post-3820","post","type-post","status-publish","format-standard","hentry","category-uncategorized-2"],"_links":{"self":[{"href":"https:\/\/www.skelleftejazz.se\/index.php?rest_route=\/wp\/v2\/posts\/3820","targetHints":{"allow":["GET"]}}],"collection":[{"href":"https:\/\/www.skelleftejazz.se\/index.php?rest_route=\/wp\/v2\/posts"}],"about":[{"href":"https:\/\/www.skelleftejazz.se\/index.php?rest_route=\/wp\/v2\/types\/post"}],"author":[{"embeddable":true,"href":"https:\/\/www.skelleftejazz.se\/index.php?rest_route=\/wp\/v2\/users\/1"}],"replies":[{"embeddable":true,"href":"https:\/\/www.skelleftejazz.se\/index.php?rest_route=%2Fwp%2Fv2%2Fcomments&post=3820"}],"version-history":[{"count":1,"href":"https:\/\/www.skelleftejazz.se\/index.php?rest_route=\/wp\/v2\/posts\/3820\/revisions"}],"predecessor-version":[{"id":3821,"href":"https:\/\/www.skelleftejazz.se\/index.php?rest_route=\/wp\/v2\/posts\/3820\/revisions\/3821"}],"wp:attachment":[{"href":"https:\/\/www.skelleftejazz.se\/index.php?rest_route=%2Fwp%2Fv2%2Fmedia&parent=3820"}],"wp:term":[{"taxonomy":"category","embeddable":true,"href":"https:\/\/www.skelleftejazz.se\/index.php?rest_route=%2Fwp%2Fv2%2Fcategories&post=3820"},{"taxonomy":"post_tag","embeddable":true,"href":"https:\/\/www.skelleftejazz.se\/index.php?rest_route=%2Fwp%2Fv2%2Ftags&post=3820"}],"curies":[{"name":"wp","href":"https:\/\/api.w.org\/{rel}","templated":true}]}}