{"id":3812,"date":"2019-03-24T19:20:50","date_gmt":"2019-03-24T18:20:50","guid":{"rendered":"http:\/\/www.skelleftejazz.se\/?p=3812"},"modified":"2019-03-24T19:26:33","modified_gmt":"2019-03-24T18:26:33","slug":"lordag-30-mars-1300-dfc-skelleftea-big-band","status":"publish","type":"post","link":"https:\/\/www.skelleftejazz.se\/?p=3812","title":{"rendered":"L\u00f6rdag 30 mars 13:00 DFC, Skellefte\u00e5 Big Band"},"content":{"rendered":"<p>Skellefte\u00e5 Big Band under ledning av Tomas Nystr\u00f6m<\/p>\n\n\n<figure class=\"wp-block-image\"><img decoding=\"async\" src=\"https:\/\/www.skelleftejazz.se\/wp-content\/uploads\/2019\/03\/sbb.jpg\" alt=\"\" class=\"wp-image-3816\"\/><figcaption>Fr\u00e5n ett tidigare bes\u00f6k<\/figcaption><\/figure>\n","protected":false},"excerpt":{"rendered":"<p>Skellefte\u00e5 Big Band under ledning av Tomas Nystr\u00f6m<\/p>\n","protected":false},"author":1,"featured_media":0,"comment_status":"closed","ping_status":"open","sticky":false,"template":"","format":"standard","meta":{"footnotes":""},"categories":[4],"tags":[],"class_list":["post-3812","post","type-post","status-publish","format-standard","hentry","category-uncategorized-2"],"_links":{"self":[{"href":"https:\/\/www.skelleftejazz.se\/index.php?rest_route=\/wp\/v2\/posts\/3812","targetHints":{"allow":["GET"]}}],"collection":[{"href":"https:\/\/www.skelleftejazz.se\/index.php?rest_route=\/wp\/v2\/posts"}],"about":[{"href":"https:\/\/www.skelleftejazz.se\/index.php?rest_route=\/wp\/v2\/types\/post"}],"author":[{"embeddable":true,"href":"https:\/\/www.skelleftejazz.se\/index.php?rest_route=\/wp\/v2\/users\/1"}],"replies":[{"embeddable":true,"href":"https:\/\/www.skelleftejazz.se\/index.php?rest_route=%2Fwp%2Fv2%2Fcomments&post=3812"}],"version-history":[{"count":4,"href":"https:\/\/www.skelleftejazz.se\/index.php?rest_route=\/wp\/v2\/posts\/3812\/revisions"}],"predecessor-version":[{"id":3818,"href":"https:\/\/www.skelleftejazz.se\/index.php?rest_route=\/wp\/v2\/posts\/3812\/revisions\/3818"}],"wp:attachment":[{"href":"https:\/\/www.skelleftejazz.se\/index.php?rest_route=%2Fwp%2Fv2%2Fmedia&parent=3812"}],"wp:term":[{"taxonomy":"category","embeddable":true,"href":"https:\/\/www.skelleftejazz.se\/index.php?rest_route=%2Fwp%2Fv2%2Fcategories&post=3812"},{"taxonomy":"post_tag","embeddable":true,"href":"https:\/\/www.skelleftejazz.se\/index.php?rest_route=%2Fwp%2Fv2%2Ftags&post=3812"}],"curies":[{"name":"wp","href":"https:\/\/api.w.org\/{rel}","templated":true}]}}