{"id":3766,"date":"2019-02-11T14:18:28","date_gmt":"2019-02-11T13:18:28","guid":{"rendered":"http:\/\/www.skelleftejazz.se\/?p=3766"},"modified":"2019-06-05T14:13:31","modified_gmt":"2019-06-05T13:13:31","slug":"lordag-16-feb-1400-dfc","status":"publish","type":"post","link":"https:\/\/www.skelleftejazz.se\/?p=3766","title":{"rendered":"L\u00f6rdag 16 feb 14:00 DFC"},"content":{"rendered":"\n<h4 class=\"wp-block-heading\" id=\"mce_20\">Georg Riedel \u201dSecret Song\u201d  (OBS! Tiden!)<\/h4>\n\n\n\n<p>Fredrik Ljungkvist \u2013 klarinett, sopransax och tenorsax, Mattias St\u00e5hl \u2013 vibrafon, Adam Forkelid \u2013 piano, Per-Ola Landin \u2013 kontrabas, Jon F\u00e4lt \u2013 trummor, Georg&nbsp;Riedel presenterar och kanske ocks\u00e5 spelar n\u00e5got duo- eller trionummer om andan faller p\u00e5.<br>Den grammisnominerade plattan \u201dSecret Song\u201d finns nog med i bagaget.<\/p>\n","protected":false},"excerpt":{"rendered":"<p>Georg Riedel \u201dSecret Song\u201d (OBS! Tiden!) Fredrik Ljungkvist \u2013 klarinett, sopransax och tenorsax, Mattias St\u00e5hl \u2013 vibrafon, Adam Forkelid \u2013 piano, Per-Ola Landin \u2013 kontrabas, Jon F\u00e4lt \u2013 trummor, Georg&nbsp;Riedel presenterar och kanske ocks\u00e5 spelar n\u00e5got duo- eller trionummer om andan faller p\u00e5.Den grammisnominerade plattan \u201dSecret Song\u201d finns nog med i bagaget.<\/p>\n","protected":false},"author":1,"featured_media":0,"comment_status":"closed","ping_status":"open","sticky":false,"template":"","format":"standard","meta":{"footnotes":""},"categories":[4],"tags":[],"class_list":["post-3766","post","type-post","status-publish","format-standard","hentry","category-uncategorized-2"],"_links":{"self":[{"href":"https:\/\/www.skelleftejazz.se\/index.php?rest_route=\/wp\/v2\/posts\/3766","targetHints":{"allow":["GET"]}}],"collection":[{"href":"https:\/\/www.skelleftejazz.se\/index.php?rest_route=\/wp\/v2\/posts"}],"about":[{"href":"https:\/\/www.skelleftejazz.se\/index.php?rest_route=\/wp\/v2\/types\/post"}],"author":[{"embeddable":true,"href":"https:\/\/www.skelleftejazz.se\/index.php?rest_route=\/wp\/v2\/users\/1"}],"replies":[{"embeddable":true,"href":"https:\/\/www.skelleftejazz.se\/index.php?rest_route=%2Fwp%2Fv2%2Fcomments&post=3766"}],"version-history":[{"count":3,"href":"https:\/\/www.skelleftejazz.se\/index.php?rest_route=\/wp\/v2\/posts\/3766\/revisions"}],"predecessor-version":[{"id":3839,"href":"https:\/\/www.skelleftejazz.se\/index.php?rest_route=\/wp\/v2\/posts\/3766\/revisions\/3839"}],"wp:attachment":[{"href":"https:\/\/www.skelleftejazz.se\/index.php?rest_route=%2Fwp%2Fv2%2Fmedia&parent=3766"}],"wp:term":[{"taxonomy":"category","embeddable":true,"href":"https:\/\/www.skelleftejazz.se\/index.php?rest_route=%2Fwp%2Fv2%2Fcategories&post=3766"},{"taxonomy":"post_tag","embeddable":true,"href":"https:\/\/www.skelleftejazz.se\/index.php?rest_route=%2Fwp%2Fv2%2Ftags&post=3766"}],"curies":[{"name":"wp","href":"https:\/\/api.w.org\/{rel}","templated":true}]}}