{"id":3756,"date":"2019-01-31T16:33:50","date_gmt":"2019-01-31T15:33:50","guid":{"rendered":"http:\/\/www.skelleftejazz.se\/?p=3756"},"modified":"2019-01-31T16:42:01","modified_gmt":"2019-01-31T15:42:01","slug":"lordag-2-feb-1300-dfc-holmstrom-bergner-trio-med-peter-fjallstrom","status":"publish","type":"post","link":"https:\/\/www.skelleftejazz.se\/?p=3756","title":{"rendered":"L\u00f6rdag 2 feb 13:00 DFC, Holmstr\u00f6m Bergner trio med Peter Fj\u00e4llstr\u00f6m"},"content":{"rendered":"\n<div class=\"wp-block-media-text alignwide\"><figure class=\"wp-block-media-text__media\"><img decoding=\"async\" src=\"https:\/\/www.skelleftejazz.se\/wp-content\/uploads\/2019\/01\/DSC00204-1024x768.jpg\" alt=\"\" class=\"wp-image-3759\"\/><\/figure><div class=\"wp-block-media-text__content\">\n<p>  <br>Det var ett tag sedan vi s\u00e5g och h\u00f6rde Peter med kompisar p\u00e5 Jazzkaf\u00e9. V\u00e4lkomna \u00e5ter Tor Holmstr\u00f6m \u2013 Piano, Erik Holmstr\u00f6m \u2013 trummor, Magnus Bergner \u2013 bas och Peter Fj\u00e4llstr\u00f6m \u2013 s\u00e5ng. <\/p>\n<\/div><\/div>\n\n\n\n<figure class=\"wp-block-image\"><img loading=\"lazy\" decoding=\"async\" width=\"1024\" height=\"675\" src=\"https:\/\/www.skelleftejazz.se\/wp-content\/uploads\/2019\/01\/DSC00415-1024x675.jpg\" alt=\"\" class=\"wp-image-3760\" srcset=\"https:\/\/www.skelleftejazz.se\/wp-content\/uploads\/2019\/01\/DSC00415-1024x675.jpg 1024w, https:\/\/www.skelleftejazz.se\/wp-content\/uploads\/2019\/01\/DSC00415-300x198.jpg 300w, https:\/\/www.skelleftejazz.se\/wp-content\/uploads\/2019\/01\/DSC00415-768x506.jpg 768w\" sizes=\"auto, (max-width: 1024px) 100vw, 1024px\" \/><figcaption>Bild fr\u00e5n 2006 tror vi&#8230;<\/figcaption><\/figure>\n","protected":false},"excerpt":{"rendered":"<p>Det var ett tag sedan vi s\u00e5g och h\u00f6rde Peter med kompisar p\u00e5 Jazzkaf\u00e9. V\u00e4lkomna \u00e5ter Tor Holmstr\u00f6m \u2013 Piano, Erik Holmstr\u00f6m \u2013 trummor, Magnus Bergner \u2013 bas och Peter Fj\u00e4llstr\u00f6m \u2013 s\u00e5ng.<\/p>\n","protected":false},"author":1,"featured_media":0,"comment_status":"closed","ping_status":"open","sticky":false,"template":"","format":"standard","meta":{"footnotes":""},"categories":[4],"tags":[],"class_list":["post-3756","post","type-post","status-publish","format-standard","hentry","category-uncategorized-2"],"_links":{"self":[{"href":"https:\/\/www.skelleftejazz.se\/index.php?rest_route=\/wp\/v2\/posts\/3756","targetHints":{"allow":["GET"]}}],"collection":[{"href":"https:\/\/www.skelleftejazz.se\/index.php?rest_route=\/wp\/v2\/posts"}],"about":[{"href":"https:\/\/www.skelleftejazz.se\/index.php?rest_route=\/wp\/v2\/types\/post"}],"author":[{"embeddable":true,"href":"https:\/\/www.skelleftejazz.se\/index.php?rest_route=\/wp\/v2\/users\/1"}],"replies":[{"embeddable":true,"href":"https:\/\/www.skelleftejazz.se\/index.php?rest_route=%2Fwp%2Fv2%2Fcomments&post=3756"}],"version-history":[{"count":2,"href":"https:\/\/www.skelleftejazz.se\/index.php?rest_route=\/wp\/v2\/posts\/3756\/revisions"}],"predecessor-version":[{"id":3761,"href":"https:\/\/www.skelleftejazz.se\/index.php?rest_route=\/wp\/v2\/posts\/3756\/revisions\/3761"}],"wp:attachment":[{"href":"https:\/\/www.skelleftejazz.se\/index.php?rest_route=%2Fwp%2Fv2%2Fmedia&parent=3756"}],"wp:term":[{"taxonomy":"category","embeddable":true,"href":"https:\/\/www.skelleftejazz.se\/index.php?rest_route=%2Fwp%2Fv2%2Fcategories&post=3756"},{"taxonomy":"post_tag","embeddable":true,"href":"https:\/\/www.skelleftejazz.se\/index.php?rest_route=%2Fwp%2Fv2%2Ftags&post=3756"}],"curies":[{"name":"wp","href":"https:\/\/api.w.org\/{rel}","templated":true}]}}