{"id":3636,"date":"2018-12-10T15:28:32","date_gmt":"2018-12-10T14:28:32","guid":{"rendered":"http:\/\/www.skelleftejazz.se\/?p=3636"},"modified":"2018-12-10T15:49:46","modified_gmt":"2018-12-10T14:49:46","slug":"julavslutning-lordag-2018-12-15-kl-1300-dfc","status":"publish","type":"post","link":"https:\/\/www.skelleftejazz.se\/?p=3636","title":{"rendered":"Julavslutning L\u00f6rdag 2018-12-15 kl 13:00 DFC"},"content":{"rendered":"<strong><span style=\"font-family: 'Noto Serif','serif'; color: #191e23; background: #E8EAEB;\"><a href=\"https:\/\/www.skelleftejazz.se\/wp-content\/uploads\/2018\/07\/ss.jpg\"><img loading=\"lazy\" decoding=\"async\" class=\"alignleft size-full wp-image-3509\" src=\"https:\/\/www.skelleftejazz.se\/wp-content\/uploads\/2018\/07\/ss.jpg\" alt=\"\" width=\"320\" height=\"320\" srcset=\"https:\/\/www.skelleftejazz.se\/wp-content\/uploads\/2018\/07\/ss.jpg 320w, https:\/\/www.skelleftejazz.se\/wp-content\/uploads\/2018\/07\/ss-150x150.jpg 150w, https:\/\/www.skelleftejazz.se\/wp-content\/uploads\/2018\/07\/ss-300x300.jpg 300w\" sizes=\"auto, (max-width: 320px) 100vw, 320px\" \/><\/a>V\u00e5r Julavslutning blir lite musikaliskt annorlunda i \u00e5r men vi bjuder som vanligt p\u00e5 gl\u00f6gg och lite Julgodis. Musiken blir denna g\u00e5ng delad mellan tv\u00e5 duos med lite olika inriktningar.<\/span><\/strong>\n\n<span style=\"font-family: 'Noto Serif','serif'; color: #191e23; background: white;\"><span style=\"font-variant-ligatures: normal; font-variant-caps: normal; orphans: 2; text-align: start; widows: 2; -webkit-text-stroke-width: 0px; text-decoration-style: initial; text-decoration-color: initial; float: none; word-spacing: 0px;\"><span style=\"background-color: white;\"><strong>F\u00f6rsta halvlek<\/strong> kommer\u00a0<\/span><\/span><strong style=\"box-sizing: inherit; font-variant-ligatures: normal; font-variant-caps: normal; orphans: 2; text-align: start; widows: 2; -webkit-text-stroke-width: 0px; text-decoration-style: initial; text-decoration-color: initial; word-spacing: 0px;\"><span style=\"font-family: 'Noto Serif','serif';\">Simon\n&amp; Samuel<\/span><\/strong><span style=\"font-variant-ligatures: normal; font-variant-caps: normal; orphans: 2; text-align: start; widows: 2; -webkit-text-stroke-width: 0px; text-decoration-style: initial; text-decoration-color: initial; float: none; word-spacing: 0px;\">\u00a0med sitt jul-program.\u00a0<\/span><span style=\"background-color: white;\">Simon L\u00f6fstedt \u2013\u00a0<\/span><span style=\"background-color: white;\">gitarr och Samuel Muntlin \u2013 saxofoner. M\u00e5nga av er har s\u00e4kert h\u00f6rt denna duo\u00a0<\/span><span style=\"background-color: white;\">redan men de t\u00e5l att upprepas. Brukar vara roliga arrangemang p\u00e5 traditionella\u00a0<\/span><span style=\"background-color: white;\">jull\u00e5tar framf\u00f6rda mycket professionellt. Finns det kvar n\u00e5gra ex av deras\u00a0<\/span><span style=\"background-color: white;\">Jul-skiva finns den s\u00e4kert med i bagaget.\u00a0<\/span><\/span><span style=\"font-family: 'Noto Serif','serif'; color: #191e23;\">\n<span style=\"background: white;\"><span style=\"font-variant-ligatures: normal; font-variant-caps: normal; orphans: 2; text-align: start; widows: 2; -webkit-text-stroke-width: 0px; text-decoration-style: initial; text-decoration-color: initial; float: none; word-spacing: 0px;\">B\u00e5da killarna jobbar som frilansande musiker med allehanda uppdrag runt om i Sverige.<\/span><\/span><\/span>\n\n<strong>Andra halvlek<\/strong>\u00a0bjuder mezzosopranen<strong> Ther\u00e9se Thylin Lindmark<\/strong> p\u00e5 lite klassisk musik ackompanjerad av <strong>Olaf Schneider.\u00a0<\/strong>\n\n<!-- \/wp:post-content --><!-- wp:paragraph -->\n\nDet kan nog insmyga sig en och annan jull\u00e5t i sammanhanget och kanske ocks\u00e5 n\u00e5gon med lite st\u00e4nk av jazz. Man vet aldrig. Ther\u00e9se bor numera i Oslo men \u00e4r uppv\u00e4xt i Kusmark vilket g\u00f6r att vi har norrlandsanknytning f\u00f6r alla musiker denna dag. Ther\u00e9se har studerat klassisk s\u00e5ng och opera vid\u00a0Oslo National Academy of the Arts. Olaf har sitt ursprung i Tyskland d\u00e4r han arbetat som pianist men numera bor han i Skelleftehamn och \u00e4gnar sig \u00e5t vinterbad, \u00f6vernattningar i iglo och att paddla havskajak (om inte isen \u00e4r f\u00f6r tjock!)\n\n<!-- \/wp:paragraph --><!--EndFragment-->\n\n<!-- wp:image {\"id\":3509} -->\n<figure class=\"wp-block-image\"><\/figure>\n<!-- \/wp:image -->\n\n<!-- wp:image {\"id\":3508} -->\n<figure class=\"wp-block-image\"><img loading=\"lazy\" decoding=\"async\" width=\"960\" height=\"960\" class=\"wp-image-3508\" src=\"https:\/\/www.skelleftejazz.se\/wp-content\/uploads\/2018\/07\/therese.jpg\" alt=\"\" srcset=\"https:\/\/www.skelleftejazz.se\/wp-content\/uploads\/2018\/07\/therese.jpg 960w, https:\/\/www.skelleftejazz.se\/wp-content\/uploads\/2018\/07\/therese-150x150.jpg 150w, https:\/\/www.skelleftejazz.se\/wp-content\/uploads\/2018\/07\/therese-300x300.jpg 300w, https:\/\/www.skelleftejazz.se\/wp-content\/uploads\/2018\/07\/therese-768x768.jpg 768w\" sizes=\"auto, (max-width: 960px) 100vw, 960px\" \/><\/figure>\n<!-- \/wp:image -->","protected":false},"excerpt":{"rendered":"<p>V\u00e5r Julavslutning blir lite musikaliskt annorlunda i \u00e5r men vi bjuder som vanligt p\u00e5 gl\u00f6gg och lite Julgodis. Musiken blir denna g\u00e5ng delad mellan tv\u00e5 duos med lite olika inriktningar. F\u00f6rsta halvlek kommer\u00a0Simon &amp; Samuel\u00a0med sitt jul-program.\u00a0Simon L\u00f6fstedt \u2013\u00a0gitarr och Samuel Muntlin \u2013 saxofoner. M\u00e5nga av er har s\u00e4kert h\u00f6rt denna duo\u00a0redan men de t\u00e5l&hellip; <a href=\"https:\/\/www.skelleftejazz.se\/?p=3636\" class=\"read-more\">Forts\u00e4tt l\u00e4sa Julavslutning L\u00f6rdag 2018-12-15 kl 13:00 DFC<\/a><\/p>\n","protected":false},"author":1,"featured_media":0,"comment_status":"closed","ping_status":"open","sticky":false,"template":"","format":"standard","meta":{"footnotes":""},"categories":[4],"tags":[],"class_list":["post-3636","post","type-post","status-publish","format-standard","hentry","category-uncategorized-2"],"_links":{"self":[{"href":"https:\/\/www.skelleftejazz.se\/index.php?rest_route=\/wp\/v2\/posts\/3636","targetHints":{"allow":["GET"]}}],"collection":[{"href":"https:\/\/www.skelleftejazz.se\/index.php?rest_route=\/wp\/v2\/posts"}],"about":[{"href":"https:\/\/www.skelleftejazz.se\/index.php?rest_route=\/wp\/v2\/types\/post"}],"author":[{"embeddable":true,"href":"https:\/\/www.skelleftejazz.se\/index.php?rest_route=\/wp\/v2\/users\/1"}],"replies":[{"embeddable":true,"href":"https:\/\/www.skelleftejazz.se\/index.php?rest_route=%2Fwp%2Fv2%2Fcomments&post=3636"}],"version-history":[{"count":5,"href":"https:\/\/www.skelleftejazz.se\/index.php?rest_route=\/wp\/v2\/posts\/3636\/revisions"}],"predecessor-version":[{"id":3652,"href":"https:\/\/www.skelleftejazz.se\/index.php?rest_route=\/wp\/v2\/posts\/3636\/revisions\/3652"}],"wp:attachment":[{"href":"https:\/\/www.skelleftejazz.se\/index.php?rest_route=%2Fwp%2Fv2%2Fmedia&parent=3636"}],"wp:term":[{"taxonomy":"category","embeddable":true,"href":"https:\/\/www.skelleftejazz.se\/index.php?rest_route=%2Fwp%2Fv2%2Fcategories&post=3636"},{"taxonomy":"post_tag","embeddable":true,"href":"https:\/\/www.skelleftejazz.se\/index.php?rest_route=%2Fwp%2Fv2%2Ftags&post=3636"}],"curies":[{"name":"wp","href":"https:\/\/api.w.org\/{rel}","templated":true}]}}