{"id":3596,"date":"2018-11-10T00:53:54","date_gmt":"2018-11-09T23:53:54","guid":{"rendered":"http:\/\/www.skelleftejazz.se\/?p=3596"},"modified":"2018-11-10T00:53:54","modified_gmt":"2018-11-09T23:53:54","slug":"jazzklubben-boston-25-ar-fullt-os","status":"publish","type":"post","link":"https:\/\/www.skelleftejazz.se\/?p=3596","title":{"rendered":"Jazzklubben Boston 25 \u00e5r \u2013 Fullt \u00f6s"},"content":{"rendered":"<header class=\"entry-header\">\n<h1 class=\"entry-title\"><strong style=\"font-size: 1.5rem;\">17 \u2013 18 november 2018. Fullt \u00f6s p\u00e5 Nordan\u00e5.<\/strong><\/h1>\n<\/header>\n<div class=\"entry-content\">\n<p>\u00c5ren g\u00e5r fort n\u00e4r man har roligt. L\u00e4s g\u00e4rna Birgit Erikssons sammanfattning om Bostons f\u00f6rsta \u00e5r. Den hittar du \u2013&gt;<strong>\u00a0<a href=\"https:\/\/www.skelleftejazz.se\/?page_id=209\">h\u00e4r<\/a>.<\/strong><\/p>\n<p>Eftersom 25 \u00e5r inte \u00e4r n\u00e5gon st\u00f6rre \u00e5lder att skryta med har vi bara ett blygsamt firande och det infaller 17 och 18 november.<\/p>\n<div id=\"attachment_3576\" class=\"wp-caption alignleft\"><a href=\"https:\/\/www.skelleftejazz.se\/wp-content\/uploads\/2018\/11\/a%C3%A5o.jpg\"><img loading=\"lazy\" decoding=\"async\" class=\"wp-image-3576 size-medium\" src=\"https:\/\/www.skelleftejazz.se\/wp-content\/uploads\/2018\/11\/a%C3%A5o-300x235.jpg\" sizes=\"auto, (max-width: 300px) 100vw, 300px\" srcset=\"https:\/\/www.skelleftejazz.se\/wp-content\/uploads\/2018\/11\/a\u00e5o-300x235.jpg 300w, https:\/\/www.skelleftejazz.se\/wp-content\/uploads\/2018\/11\/a\u00e5o.jpg 648w\" alt=\"\" width=\"300\" height=\"235\" \/><\/a><\/p>\n<p class=\"wp-caption-text\">Foto: Mats \u00c5kerstr\u00f6m<\/p>\n<\/div>\n<p><strong>L\u00f6rdag 17 november 13:00 Nordan\u00e5teatern:<\/strong>\u00a0En musikstund med AO\u00c5 trio dvs Anders (\u201cL\u00f6vis\u201d L\u00f6fgren), Olaf (Schneider) och \u00c5sa (Granlund Jonsson) p\u00e5 bas, piano resp. s\u00e5ng. En lite film fr\u00e5n ett tidigare framtr\u00e4dande finns \u2013&gt;<strong>\u00a0<a href=\"https:\/\/www.youtube.com\/watch?v=biMl7UNI36Q&amp;t=43s\">h\u00e4r<\/a>.<\/strong><\/p>\n<p><strong>Entr\u00e9:<\/strong>\u00a0ingenting. Hela dagen \u00e4r det \u00f6ppet hus p\u00e5 Nordan\u00e5 med en massa olika h\u00e4ndelser. Kom g\u00e4rna tidigare och titta p\u00e5 konst eller ta en fika i kaf\u00e9et som \u00e4r \u00f6ppet hela dagen.<\/p>\n<p>Kanske insmyger sig ett cirkusnummer i v\u00e5r f\u00f6rest\u00e4llning.<\/p>\n<p>&nbsp;<\/p>\n<p><strong>S\u00f6ndag 18 november 19:00 Nordan\u00e5teatern:<\/strong>\u00a0<b>Quartey\u2019s Quartet\u00a0<\/b>framf\u00f6r\u00a0<b>\u201dA few of my favorite songs\u201d<\/b><br \/>\nDenna konstellation best\u00e5r av\u00a0Fransesca Quartey \u2013 s\u00e5ng, Tor Holmstr\u00f6m \u2013 piano. Magnus Bergner \u2013 bas, Erik Holmstr\u00f6m \u2013 trummor, Jan-Erik Sundqvist \u2013 saxofoner.<\/p>\n<p>F\u00f6rest\u00e4llningen \u00e4r i tv\u00e5 akter och i pausen ing\u00e5r lite bubbel och snacks precis som det skall n\u00e4r man fyller \u00e5r.<\/p>\n<p>Biljetter k\u00f6per du p\u00e5\u00a0<strong><a href=\"https:\/\/secure.tickster.com\/Intro.aspx?ERC=59KF85CW48NVZCH\" target=\"_blank\" rel=\"noopener\">Tickster<\/a>\u00a0<\/strong>eller vid d\u00f6rren. Biljettpris medlemmar 100.- \u00f6vriga 150.- skolungdom gratis.<\/p>\n<div id=\"attachment_3572\" class=\"wp-caption alignleft\"><a href=\"https:\/\/www.skelleftejazz.se\/wp-content\/uploads\/2018\/11\/lady-day-1462x634.jpg\"><img loading=\"lazy\" decoding=\"async\" class=\"wp-image-3572 size-large\" src=\"https:\/\/www.skelleftejazz.se\/wp-content\/uploads\/2018\/11\/lady-day-1462x634-1024x444.jpg\" sizes=\"auto, (max-width: 780px) 100vw, 780px\" srcset=\"https:\/\/www.skelleftejazz.se\/wp-content\/uploads\/2018\/11\/lady-day-1462x634-1024x444.jpg 1024w, https:\/\/www.skelleftejazz.se\/wp-content\/uploads\/2018\/11\/lady-day-1462x634-300x130.jpg 300w, https:\/\/www.skelleftejazz.se\/wp-content\/uploads\/2018\/11\/lady-day-1462x634-768x333.jpg 768w, https:\/\/www.skelleftejazz.se\/wp-content\/uploads\/2018\/11\/lady-day-1462x634.jpg 1462w\" alt=\"\" width=\"780\" height=\"338\" \/><\/a><\/p>\n<p class=\"wp-caption-text\">Bild fr\u00e5n f\u00f6rest\u00e4llningen Lady Day (Foto: Patrick Degerman)<\/p>\n<\/div>\n<\/div>\n","protected":false},"excerpt":{"rendered":"<p>17 \u2013 18 november 2018. Fullt \u00f6s p\u00e5 Nordan\u00e5. \u00c5ren g\u00e5r fort n\u00e4r man har roligt. L\u00e4s g\u00e4rna Birgit Erikssons sammanfattning om Bostons f\u00f6rsta \u00e5r. Den hittar du \u2013&gt;\u00a0h\u00e4r. Eftersom 25 \u00e5r inte \u00e4r n\u00e5gon st\u00f6rre \u00e5lder att skryta med har vi bara ett blygsamt firande och det infaller 17 och 18 november. Foto: Mats&hellip; <a href=\"https:\/\/www.skelleftejazz.se\/?p=3596\" class=\"read-more\">Forts\u00e4tt l\u00e4sa Jazzklubben Boston 25 \u00e5r \u2013 Fullt \u00f6s<\/a><\/p>\n","protected":false},"author":1,"featured_media":0,"comment_status":"closed","ping_status":"open","sticky":false,"template":"","format":"standard","meta":{"footnotes":""},"categories":[4],"tags":[],"class_list":["post-3596","post","type-post","status-publish","format-standard","hentry","category-uncategorized-2"],"_links":{"self":[{"href":"https:\/\/www.skelleftejazz.se\/index.php?rest_route=\/wp\/v2\/posts\/3596","targetHints":{"allow":["GET"]}}],"collection":[{"href":"https:\/\/www.skelleftejazz.se\/index.php?rest_route=\/wp\/v2\/posts"}],"about":[{"href":"https:\/\/www.skelleftejazz.se\/index.php?rest_route=\/wp\/v2\/types\/post"}],"author":[{"embeddable":true,"href":"https:\/\/www.skelleftejazz.se\/index.php?rest_route=\/wp\/v2\/users\/1"}],"replies":[{"embeddable":true,"href":"https:\/\/www.skelleftejazz.se\/index.php?rest_route=%2Fwp%2Fv2%2Fcomments&post=3596"}],"version-history":[{"count":1,"href":"https:\/\/www.skelleftejazz.se\/index.php?rest_route=\/wp\/v2\/posts\/3596\/revisions"}],"predecessor-version":[{"id":3597,"href":"https:\/\/www.skelleftejazz.se\/index.php?rest_route=\/wp\/v2\/posts\/3596\/revisions\/3597"}],"wp:attachment":[{"href":"https:\/\/www.skelleftejazz.se\/index.php?rest_route=%2Fwp%2Fv2%2Fmedia&parent=3596"}],"wp:term":[{"taxonomy":"category","embeddable":true,"href":"https:\/\/www.skelleftejazz.se\/index.php?rest_route=%2Fwp%2Fv2%2Fcategories&post=3596"},{"taxonomy":"post_tag","embeddable":true,"href":"https:\/\/www.skelleftejazz.se\/index.php?rest_route=%2Fwp%2Fv2%2Ftags&post=3596"}],"curies":[{"name":"wp","href":"https:\/\/api.w.org\/{rel}","templated":true}]}}