{"id":3563,"date":"2018-10-28T16:49:19","date_gmt":"2018-10-28T15:49:19","guid":{"rendered":"http:\/\/www.skelleftejazz.se\/?p=3563"},"modified":"2018-10-28T16:49:19","modified_gmt":"2018-10-28T15:49:19","slug":"lordag-2018-11-10-kl-1300-dfc-staffan-obergs-nonet","status":"publish","type":"post","link":"https:\/\/www.skelleftejazz.se\/?p=3563","title":{"rendered":"L\u00f6rdag\u00a02018-11-10 kl 13:00 DFC Staffan \u00d6bergs Nonet."},"content":{"rendered":"<div id=\"attachment_3525\" class=\"wp-caption alignleft\"><a href=\"https:\/\/www.skelleftejazz.se\/wp-content\/uploads\/2018\/08\/S%C3%96.jpeg\"><img loading=\"lazy\" decoding=\"async\" class=\"size-medium wp-image-3525\" src=\"https:\/\/www.skelleftejazz.se\/wp-content\/uploads\/2018\/08\/S%C3%96-300x254.jpeg\" sizes=\"auto, (max-width: 300px) 100vw, 300px\" srcset=\"https:\/\/www.skelleftejazz.se\/wp-content\/uploads\/2018\/08\/S\u00d6-300x254.jpeg 300w, https:\/\/www.skelleftejazz.se\/wp-content\/uploads\/2018\/08\/S\u00d6-768x651.jpeg 768w, https:\/\/www.skelleftejazz.se\/wp-content\/uploads\/2018\/08\/S\u00d6-1024x868.jpeg 1024w, https:\/\/www.skelleftejazz.se\/wp-content\/uploads\/2018\/08\/S\u00d6.jpeg 1133w\" alt=\"\" width=\"300\" height=\"254\" \/><\/a><\/p>\n<p class=\"wp-caption-text\">Staffan \u00d6bergs Nonet<\/p>\n<\/div>\n<p>Staffans Nonet best\u00e5r som sig b\u00f6r av 9 musiker.<\/p>\n<p>Staffan \u00d6berg \u2013 baritonsaxofon, Lars-G\u00f6ran Ulander \u2013 altsaxofon, Peter Lindqvist \u2013 tenorsaxofon, Eva Henriksson \u2013 trumpet och flygelhorn, Eilert Thulin \u2013 trumpet, Mikael Elofsson \u2013 trombon,\u00a0 Thomas Olsson \u2013 piano, Sune Wiklund \u2013 bas och Sten \u00d6berg \u2013 trummor. Alla erfarna musiker med Ume\u00e5 som hemmaplan. Bandet bildades 1980 och har inte bytt m\u00e5nga medlemmar sedan dess.<\/p>\n<p>L\u00e4s mer om bandet p\u00e5 deras hemsida \u2013&gt;\u00a0<a href=\"http:\/\/oberg9.se\/\" target=\"_blank\" rel=\"noopener\">h\u00e4r\u00a0<\/a>D\u00e4r finns ocks\u00e5 lyssningsexempel.<\/p>\n<p>Bandet har en f\u00e4bless f\u00f6r musik av jazzens giganter. Charles Mingus, Miles Davis, John Coltrane och Wayne Shorter och ibland ocks\u00e5 n\u00e5gon l\u00e5t av v\u00e5r egen Lars Gullin. Flera i bandet b\u00e5de arrangerar och komponerar.<\/p>\n","protected":false},"excerpt":{"rendered":"<p>Staffan \u00d6bergs Nonet Staffans Nonet best\u00e5r som sig b\u00f6r av 9 musiker. Staffan \u00d6berg \u2013 baritonsaxofon, Lars-G\u00f6ran Ulander \u2013 altsaxofon, Peter Lindqvist \u2013 tenorsaxofon, Eva Henriksson \u2013 trumpet och flygelhorn, Eilert Thulin \u2013 trumpet, Mikael Elofsson \u2013 trombon,\u00a0 Thomas Olsson \u2013 piano, Sune Wiklund \u2013 bas och Sten \u00d6berg \u2013 trummor. Alla erfarna musiker med&hellip; <a href=\"https:\/\/www.skelleftejazz.se\/?p=3563\" class=\"read-more\">Forts\u00e4tt l\u00e4sa L\u00f6rdag\u00a02018-11-10 kl 13:00 DFC Staffan \u00d6bergs Nonet.<\/a><\/p>\n","protected":false},"author":1,"featured_media":0,"comment_status":"closed","ping_status":"open","sticky":false,"template":"","format":"standard","meta":{"footnotes":""},"categories":[4],"tags":[],"class_list":["post-3563","post","type-post","status-publish","format-standard","hentry","category-uncategorized-2"],"_links":{"self":[{"href":"https:\/\/www.skelleftejazz.se\/index.php?rest_route=\/wp\/v2\/posts\/3563","targetHints":{"allow":["GET"]}}],"collection":[{"href":"https:\/\/www.skelleftejazz.se\/index.php?rest_route=\/wp\/v2\/posts"}],"about":[{"href":"https:\/\/www.skelleftejazz.se\/index.php?rest_route=\/wp\/v2\/types\/post"}],"author":[{"embeddable":true,"href":"https:\/\/www.skelleftejazz.se\/index.php?rest_route=\/wp\/v2\/users\/1"}],"replies":[{"embeddable":true,"href":"https:\/\/www.skelleftejazz.se\/index.php?rest_route=%2Fwp%2Fv2%2Fcomments&post=3563"}],"version-history":[{"count":1,"href":"https:\/\/www.skelleftejazz.se\/index.php?rest_route=\/wp\/v2\/posts\/3563\/revisions"}],"predecessor-version":[{"id":3564,"href":"https:\/\/www.skelleftejazz.se\/index.php?rest_route=\/wp\/v2\/posts\/3563\/revisions\/3564"}],"wp:attachment":[{"href":"https:\/\/www.skelleftejazz.se\/index.php?rest_route=%2Fwp%2Fv2%2Fmedia&parent=3563"}],"wp:term":[{"taxonomy":"category","embeddable":true,"href":"https:\/\/www.skelleftejazz.se\/index.php?rest_route=%2Fwp%2Fv2%2Fcategories&post=3563"},{"taxonomy":"post_tag","embeddable":true,"href":"https:\/\/www.skelleftejazz.se\/index.php?rest_route=%2Fwp%2Fv2%2Ftags&post=3563"}],"curies":[{"name":"wp","href":"https:\/\/api.w.org\/{rel}","templated":true}]}}