{"id":3551,"date":"2018-09-24T21:53:36","date_gmt":"2018-09-24T20:53:36","guid":{"rendered":"http:\/\/www.skelleftejazz.se\/?p=3551"},"modified":"2018-09-24T21:53:36","modified_gmt":"2018-09-24T20:53:36","slug":"lordag-2018-09-29-kl-1300-dfc-reunion","status":"publish","type":"post","link":"https:\/\/www.skelleftejazz.se\/?p=3551","title":{"rendered":"L\u00f6rdag\u00a02018-09-29 kl 13:00 DFC Reunion"},"content":{"rendered":"<p>&nbsp;<\/p>\n<div id=\"attachment_3492\" class=\"wp-caption alignleft\"><a href=\"https:\/\/www.skelleftejazz.se\/wp-content\/uploads\/2018\/07\/Reunion-m-Eva-Lycksell.jpg\"><img loading=\"lazy\" decoding=\"async\" class=\"wp-image-3492 size-medium\" src=\"https:\/\/www.skelleftejazz.se\/wp-content\/uploads\/2018\/07\/Reunion-m-Eva-Lycksell-300x215.jpg\" sizes=\"auto, (max-width: 300px) 100vw, 300px\" srcset=\"https:\/\/www.skelleftejazz.se\/wp-content\/uploads\/2018\/07\/Reunion-m-Eva-Lycksell-300x215.jpg 300w, https:\/\/www.skelleftejazz.se\/wp-content\/uploads\/2018\/07\/Reunion-m-Eva-Lycksell-768x550.jpg 768w, https:\/\/www.skelleftejazz.se\/wp-content\/uploads\/2018\/07\/Reunion-m-Eva-Lycksell-1024x734.jpg 1024w\" alt=\"\" width=\"300\" height=\"215\" \/><\/a><\/p>\n<p class=\"wp-caption-text\">Reunion, 10 \u00e5r i \u00e5r<\/p>\n<\/div>\n<p>Det \u00e4r nu 10 \u00e5r sedan\u00a0<span class=\"il\">Reunion<\/span>\u00a0bildades. Orkestern best\u00e5r mest av \u00e4ldre gentlem\u00e4n som tidigare spelat i olika konstellationer i V\u00e4sterbotten med omnejd. Premi\u00e4ren begicks p\u00e5 Boston 23\/2 2008 under tiden vi h\u00f6ll till p\u00e5 Stadshotellet. Detta blir allts\u00e5 en \u201cf\u00f6delsedagsspelning\u201d f\u00f6r detta g\u00e4ng som best\u00e5r av\u00a0Alf Burstedt \u2013 trumpet och flygelhorn, Per-Olav Moritz \u2013 saxofoner Hans Jonsson \u2013 tenorsaxofon och bongos, Dick Grubbstr\u00f6m \u2013 piano, Torsten M\u00e5rtensson \u2013 gitarr, Torbj\u00f6rn Ackelind \u2013 elbas, Kenneth Nordwall \u2013 trummor. S\u00e5ngerskan heter Eva Lycksell.<\/p>\n","protected":false},"excerpt":{"rendered":"<p>&nbsp; Reunion, 10 \u00e5r i \u00e5r Det \u00e4r nu 10 \u00e5r sedan\u00a0Reunion\u00a0bildades. Orkestern best\u00e5r mest av \u00e4ldre gentlem\u00e4n som tidigare spelat i olika konstellationer i V\u00e4sterbotten med omnejd. Premi\u00e4ren begicks p\u00e5 Boston 23\/2 2008 under tiden vi h\u00f6ll till p\u00e5 Stadshotellet. Detta blir allts\u00e5 en \u201cf\u00f6delsedagsspelning\u201d f\u00f6r detta g\u00e4ng som best\u00e5r av\u00a0Alf Burstedt \u2013 trumpet&hellip; <a href=\"https:\/\/www.skelleftejazz.se\/?p=3551\" class=\"read-more\">Forts\u00e4tt l\u00e4sa L\u00f6rdag\u00a02018-09-29 kl 13:00 DFC Reunion<\/a><\/p>\n","protected":false},"author":1,"featured_media":0,"comment_status":"closed","ping_status":"open","sticky":false,"template":"","format":"standard","meta":{"footnotes":""},"categories":[4],"tags":[],"class_list":["post-3551","post","type-post","status-publish","format-standard","hentry","category-uncategorized-2"],"_links":{"self":[{"href":"https:\/\/www.skelleftejazz.se\/index.php?rest_route=\/wp\/v2\/posts\/3551","targetHints":{"allow":["GET"]}}],"collection":[{"href":"https:\/\/www.skelleftejazz.se\/index.php?rest_route=\/wp\/v2\/posts"}],"about":[{"href":"https:\/\/www.skelleftejazz.se\/index.php?rest_route=\/wp\/v2\/types\/post"}],"author":[{"embeddable":true,"href":"https:\/\/www.skelleftejazz.se\/index.php?rest_route=\/wp\/v2\/users\/1"}],"replies":[{"embeddable":true,"href":"https:\/\/www.skelleftejazz.se\/index.php?rest_route=%2Fwp%2Fv2%2Fcomments&post=3551"}],"version-history":[{"count":1,"href":"https:\/\/www.skelleftejazz.se\/index.php?rest_route=\/wp\/v2\/posts\/3551\/revisions"}],"predecessor-version":[{"id":3552,"href":"https:\/\/www.skelleftejazz.se\/index.php?rest_route=\/wp\/v2\/posts\/3551\/revisions\/3552"}],"wp:attachment":[{"href":"https:\/\/www.skelleftejazz.se\/index.php?rest_route=%2Fwp%2Fv2%2Fmedia&parent=3551"}],"wp:term":[{"taxonomy":"category","embeddable":true,"href":"https:\/\/www.skelleftejazz.se\/index.php?rest_route=%2Fwp%2Fv2%2Fcategories&post=3551"},{"taxonomy":"post_tag","embeddable":true,"href":"https:\/\/www.skelleftejazz.se\/index.php?rest_route=%2Fwp%2Fv2%2Ftags&post=3551"}],"curies":[{"name":"wp","href":"https:\/\/api.w.org\/{rel}","templated":true}]}}