{"id":3539,"date":"2018-09-16T14:56:34","date_gmt":"2018-09-16T13:56:34","guid":{"rendered":"http:\/\/www.skelleftejazz.se\/?p=3539"},"modified":"2018-09-16T14:58:59","modified_gmt":"2018-09-16T13:58:59","slug":"lordag-2018-09-22-kl-1300-dfc-sigrid-svahn-the-travelling-men","status":"publish","type":"post","link":"https:\/\/www.skelleftejazz.se\/?p=3539","title":{"rendered":"L\u00f6rdag\u00a02018-09-22 kl 13:00 DFC. Sigrid Svahn &#038; The Travelling Men"},"content":{"rendered":"<p><strong>L\u00f6rdag\u00a02018-09-22 kl 13:00 DFC. Sigrid Svahn &amp; The Travelling Men<\/strong><\/p>\n<p><a href=\"https:\/\/www.skelleftejazz.se\/wp-content\/uploads\/2018\/08\/lakso.jpg\"><img loading=\"lazy\" decoding=\"async\" class=\"alignleft wp-image-3515 size-thumbnail\" src=\"https:\/\/www.skelleftejazz.se\/wp-content\/uploads\/2018\/08\/lakso-150x150.jpg\" sizes=\"auto, (max-width: 150px) 100vw, 150px\" srcset=\"https:\/\/www.skelleftejazz.se\/wp-content\/uploads\/2018\/08\/lakso-150x150.jpg 150w, https:\/\/www.skelleftejazz.se\/wp-content\/uploads\/2018\/08\/lakso.jpg 281w\" alt=\"\" width=\"150\" height=\"150\" \/><\/a>Tommy Lakso gitarrer,\u00a0Jenny Berglund s\u00e5ng, Ulf \u201cFlu\u201d Jonsson dragspel, eller \u201cmagorgel\u201d som en del s\u00e4ger. Andra kalla instrumentet f\u00f6r \u201cskrynkel\u201d och det fungerar ju ocks\u00e5. Ulf har trakterat \u201cSkrynkel\u201d ihop med JP Nystr\u00f6m ett antal \u00e5r.\u00a0 Denna trio med sin lite udda men kul s\u00e4ttning, spelar jazz med inslag av lite polska, Brahms och Marlene Dietrich. Omv\u00e4xling f\u00f6rn\u00f6jer.<\/p>\n<p>Exempel:\u00a0<a href=\"https:\/\/www.youtube.com\/watch?v=ctRSN3eorN4&amp;feature=share\" target=\"_blank\" rel=\"noopener\">https:\/\/www.youtube.com\/watch?v=ctRSN3eorN4&amp;feature=share<\/a><\/p>\n<p><strong>OBS! Du kan bes\u00f6ka detta jazzkaf\u00e9 alldeles gratis\u00a0 genom att boka biljett till morgondagens konsert med Edda Magnason. Det kan du g\u00f6ra direkt i kassan om du vill.\u00a0<\/strong>Har du redan en bokad biljett visar du bara upp den s\u00e5 blir dagens kaf\u00e9 billigt f\u00f6r dig.<\/p>\n<p><strong>S\u00f6ndag 2018-09-23 kl 19:00 Nordan\u00e5teatern. Edda Magnason och Norrbotten Big Band<\/strong><\/p>\n<div id=\"attachment_3521\" class=\"wp-caption alignleft\">\n<p><a href=\"https:\/\/www.skelleftejazz.se\/wp-content\/uploads\/2018\/08\/edda_magnason_foto_-simeon-frohm.jpg\"><img loading=\"lazy\" decoding=\"async\" class=\"wp-image-3521 size-thumbnail\" src=\"https:\/\/www.skelleftejazz.se\/wp-content\/uploads\/2018\/08\/edda_magnason_foto_-simeon-frohm-150x150.jpg\" alt=\"\" width=\"150\" height=\"150\" \/><\/a><\/p>\n<p class=\"wp-caption-text\">Edda Magnason<\/p>\n<\/div>\n<p>F\u00f6r n\u00e5gra \u00e5r sedan slog Edda Magnason igenom stort som en portr\u00e4ttlik Monica Zetterlund i l\u00e5ngfilmen Monica Z, prisades med en Guldbagge och fick ber\u00f6m f\u00f6r sitt s\u00e4tt att sjunga och tolka legendens musik. Att hon gett ut flera (hyllade!) album med egenkomponerad musik \u00e4r kanske inte lika k\u00e4nt. Norrbotten Big Band har turnerat med med Edda och spelat hennes musik b\u00e5de i Norrbotten och p\u00e5 V\u00e4stkusten. B\u00e5da succ\u00e9turn\u00e9er! Nu g\u00f6r de om det i V\u00e4sterbotten och V\u00e4sternorrland!<\/p>\n<div id=\"attachment_3523\" class=\"wp-caption alignright\">\n<p><a href=\"https:\/\/www.skelleftejazz.se\/wp-content\/uploads\/2018\/08\/nbb.jpg\"><img loading=\"lazy\" decoding=\"async\" class=\"size-medium wp-image-3523\" src=\"https:\/\/www.skelleftejazz.se\/wp-content\/uploads\/2018\/08\/nbb-300x148.jpg\" sizes=\"auto, (max-width: 300px) 100vw, 300px\" srcset=\"https:\/\/www.skelleftejazz.se\/wp-content\/uploads\/2018\/08\/nbb-300x148.jpg 300w, https:\/\/www.skelleftejazz.se\/wp-content\/uploads\/2018\/08\/nbb-768x379.jpg 768w, https:\/\/www.skelleftejazz.se\/wp-content\/uploads\/2018\/08\/nbb-1024x505.jpg 1024w\" alt=\"\" width=\"300\" height=\"148\" \/><\/a><\/p>\n<p class=\"wp-caption-text\">Norrbotten Big Band<\/p>\n<\/div>\n<p>&nbsp;<\/p>\n<p>Biljetter 150.- f\u00f6r medlemmar, 200.- \u00f6vriga. Skellefte\u00e5 Turistcenter 0910 \u2013 45 25 15 eller p\u00e5 Tickster (F\u00f6rk\u00f6psavgift kan f\u00f6rekomma).<br \/>\nL\u00e4nk till Tickster \u2013&gt;\u00a0<a href=\"http:\/\/www.tickster.com\/events\/fklluk0g7m8867k\" target=\"_blank\" rel=\"noopener\">K\u00f6p biljett h\u00e4r<\/a><\/p>\n<p><strong>OBS! En f\u00f6rbokad biljett till denna konsert g\u00e4ller \u00e4ven som entr\u00e9 till v\u00e5rt jazzkaf\u00e9\u00a0L\u00f6rdag\u00a02018-09-22.\u00a0<\/strong><\/p>\n","protected":false},"excerpt":{"rendered":"<p>L\u00f6rdag\u00a02018-09-22 kl 13:00 DFC. Sigrid Svahn &amp; The Travelling Men Tommy Lakso gitarrer,\u00a0Jenny Berglund s\u00e5ng, Ulf \u201cFlu\u201d Jonsson dragspel, eller \u201cmagorgel\u201d som en del s\u00e4ger. Andra kalla instrumentet f\u00f6r \u201cskrynkel\u201d och det fungerar ju ocks\u00e5. Ulf har trakterat \u201cSkrynkel\u201d ihop med JP Nystr\u00f6m ett antal \u00e5r.\u00a0 Denna trio med sin lite udda men kul s\u00e4ttning,&hellip; <a href=\"https:\/\/www.skelleftejazz.se\/?p=3539\" class=\"read-more\">Forts\u00e4tt l\u00e4sa L\u00f6rdag\u00a02018-09-22 kl 13:00 DFC. Sigrid Svahn &#038; The Travelling Men<\/a><\/p>\n","protected":false},"author":1,"featured_media":0,"comment_status":"closed","ping_status":"open","sticky":false,"template":"","format":"standard","meta":{"footnotes":""},"categories":[4],"tags":[],"class_list":["post-3539","post","type-post","status-publish","format-standard","hentry","category-uncategorized-2"],"_links":{"self":[{"href":"https:\/\/www.skelleftejazz.se\/index.php?rest_route=\/wp\/v2\/posts\/3539","targetHints":{"allow":["GET"]}}],"collection":[{"href":"https:\/\/www.skelleftejazz.se\/index.php?rest_route=\/wp\/v2\/posts"}],"about":[{"href":"https:\/\/www.skelleftejazz.se\/index.php?rest_route=\/wp\/v2\/types\/post"}],"author":[{"embeddable":true,"href":"https:\/\/www.skelleftejazz.se\/index.php?rest_route=\/wp\/v2\/users\/1"}],"replies":[{"embeddable":true,"href":"https:\/\/www.skelleftejazz.se\/index.php?rest_route=%2Fwp%2Fv2%2Fcomments&post=3539"}],"version-history":[{"count":3,"href":"https:\/\/www.skelleftejazz.se\/index.php?rest_route=\/wp\/v2\/posts\/3539\/revisions"}],"predecessor-version":[{"id":3542,"href":"https:\/\/www.skelleftejazz.se\/index.php?rest_route=\/wp\/v2\/posts\/3539\/revisions\/3542"}],"wp:attachment":[{"href":"https:\/\/www.skelleftejazz.se\/index.php?rest_route=%2Fwp%2Fv2%2Fmedia&parent=3539"}],"wp:term":[{"taxonomy":"category","embeddable":true,"href":"https:\/\/www.skelleftejazz.se\/index.php?rest_route=%2Fwp%2Fv2%2Fcategories&post=3539"},{"taxonomy":"post_tag","embeddable":true,"href":"https:\/\/www.skelleftejazz.se\/index.php?rest_route=%2Fwp%2Fv2%2Ftags&post=3539"}],"curies":[{"name":"wp","href":"https:\/\/api.w.org\/{rel}","templated":true}]}}