{"id":3471,"date":"2018-04-01T20:01:44","date_gmt":"2018-04-01T19:01:44","guid":{"rendered":"http:\/\/www.skelleftejazz.se\/?p=3471"},"modified":"2018-04-01T20:06:29","modified_gmt":"2018-04-01T19:06:29","slug":"lordag-2018-04-14-nordanateatern-1300-berattelsen-smed","status":"publish","type":"post","link":"https:\/\/www.skelleftejazz.se\/?p=3471","title":{"rendered":"L\u00f6rdag 2018-04-14 Nordan\u00e5teatern 13:00 Ber\u00e4ttelsen SMED"},"content":{"rendered":"<p>Maria Bervelius \u2013 S\u00e5ng, Peter Nordwall\u00a0 \u2013 sax, Ulf Nordwall. \u2013 piano.<\/p>\n<p>SMED \u00e4r en musikalisk ber\u00e4ttelse, baserat p\u00e5 verkliga h\u00e4ndelser, om nybyggarna i V\u00e4sterbotten som s\u00f6kte ett b\u00e4ttre liv i Sveriges Amerika \u2013 Norrland. Nybyggarna var m\u00e4nniskor som saknade m\u00f6jligheter att p\u00e5verka sin situation. Sverige var \u00e4nnu inte det demokratiska land det skulle bli.<\/p>\n<p><a href=\"https:\/\/www.skelleftejazz.se\/wp-content\/uploads\/2018\/04\/Smed.jpg\"><img loading=\"lazy\" decoding=\"async\" class=\"alignleft wp-image-3473 size-medium\" src=\"https:\/\/www.skelleftejazz.se\/wp-content\/uploads\/2018\/04\/Smed-300x225.jpg\" alt=\"\" width=\"300\" height=\"225\" srcset=\"https:\/\/www.skelleftejazz.se\/wp-content\/uploads\/2018\/04\/Smed-300x225.jpg 300w, https:\/\/www.skelleftejazz.se\/wp-content\/uploads\/2018\/04\/Smed-768x576.jpg 768w, https:\/\/www.skelleftejazz.se\/wp-content\/uploads\/2018\/04\/Smed-1024x768.jpg 1024w, https:\/\/www.skelleftejazz.se\/wp-content\/uploads\/2018\/04\/Smed-800x600.jpg 800w, https:\/\/www.skelleftejazz.se\/wp-content\/uploads\/2018\/04\/Smed-400x300.jpg 400w, https:\/\/www.skelleftejazz.se\/wp-content\/uploads\/2018\/04\/Smed.jpg 1280w\" sizes=\"auto, (max-width: 300px) 100vw, 300px\" \/><\/a>Vi f\u00e5r under 1800-talet och fyra generationer fram\u00e5t, f\u00f6lja sl\u00e4kten till f\u00e4ltj\u00e4garen Jonas Jonsson Smed, f\u00f6dd den 14 mars 1810, d\u00f6d genom drunkning den 13 november 1839. Jonas hade i s\u00e4llskap med sin fru Anna-Brita, g\u00e5tt \u00f6ver isen fr\u00e5n den v\u00e4stra sidan av sj\u00f6n Vallstr\u00e4sket. I n\u00e4rheten av N\u00f6l\u00e5kersberget brast isen och b\u00e5da hamnade i vattnet. Med gemensamma anstr\u00e4ngningar tog sig Anna-Brita upp p\u00e5 isen och skyndade efter hj\u00e4lp. Men hj\u00e4lpen kom f\u00f6r sent. Anna-Brita blev ensam kvar med fyra barn att f\u00f6rs\u00f6rja. Att Jonas son Anders, 50 \u00e5r senare, skulle omkomma i samma sj\u00f6 under sommarfisket, var en s\u00e5dan fasansfull tragedi f\u00f6r sl\u00e4kten Smed, att man \u00e4n idag, 150 \u00e5r senare, talar om den p\u00e5 byn. En tragedi som medf\u00f6rde h\u00e5rda pr\u00f6vningar s\u00e5som barnaktioner, sv\u00e4lt och mis\u00e4r. H\u00e4r skulle historien om sl\u00e4kten Smed kunnat ta slut, men ist\u00e4llet f\u00f6r att ge efter f\u00f6r motg\u00e5ngar, reste sig sl\u00e4kten Smed. Hoppet om ett b\u00e4ttre liv och en k\u00e4rlekshistoria resulterade i nio nya liv.<\/p>\n<p>Ber\u00e4ttelsen \u00e4r en blandning av fakta och fiktion, dvs det man kallar f\u00f6r \u201dfaktion\u201d. Ber\u00e4ttelsen utspelar sig i L\u00f6v\u00e5ngers Vallen med b\u00f6rjan tidigt 1800-tal.<br \/>\nEntr\u00e9: ingen.<\/p>\n<div><em>Nordan\u00e5 Bar &amp; Caf\u00e9 har \u00f6ppet\u00a0<\/em><br \/>\n<em>Fullst\u00e4ndiga r\u00e4ttigheter.<\/em><\/div>\n<div><em>Tel restaurangen 070-560 90 07<\/em><\/div>\n<div><a href=\"https:\/\/www.skelleftejazz.se\/wp-content\/uploads\/2018\/03\/BF18-logo-orange-BF_preview.jpeg\"><img loading=\"lazy\" decoding=\"async\" class=\"alignleft wp-image-3467 size-medium\" src=\"https:\/\/www.skelleftejazz.se\/wp-content\/uploads\/2018\/03\/BF18-logo-orange-BF_preview-300x98.jpeg\" alt=\"\" width=\"300\" height=\"98\" srcset=\"https:\/\/www.skelleftejazz.se\/wp-content\/uploads\/2018\/03\/BF18-logo-orange-BF_preview-300x98.jpeg 300w, https:\/\/www.skelleftejazz.se\/wp-content\/uploads\/2018\/03\/BF18-logo-orange-BF_preview.jpeg 689w\" sizes=\"auto, (max-width: 300px) 100vw, 300px\" \/><\/a><\/div>\n","protected":false},"excerpt":{"rendered":"<p>Maria Bervelius \u2013 S\u00e5ng, Peter Nordwall\u00a0 \u2013 sax, Ulf Nordwall. \u2013 piano. SMED \u00e4r en musikalisk ber\u00e4ttelse, baserat p\u00e5 verkliga h\u00e4ndelser, om nybyggarna i V\u00e4sterbotten som s\u00f6kte ett b\u00e4ttre liv i Sveriges Amerika \u2013 Norrland. Nybyggarna var m\u00e4nniskor som saknade m\u00f6jligheter att p\u00e5verka sin situation. Sverige var \u00e4nnu inte det demokratiska land det skulle bli.&hellip; <a href=\"https:\/\/www.skelleftejazz.se\/?p=3471\" class=\"read-more\">Forts\u00e4tt l\u00e4sa L\u00f6rdag 2018-04-14 Nordan\u00e5teatern 13:00 Ber\u00e4ttelsen SMED<\/a><\/p>\n","protected":false},"author":1,"featured_media":0,"comment_status":"closed","ping_status":"open","sticky":false,"template":"","format":"standard","meta":{"footnotes":""},"categories":[4],"tags":[],"class_list":["post-3471","post","type-post","status-publish","format-standard","hentry","category-uncategorized-2"],"_links":{"self":[{"href":"https:\/\/www.skelleftejazz.se\/index.php?rest_route=\/wp\/v2\/posts\/3471","targetHints":{"allow":["GET"]}}],"collection":[{"href":"https:\/\/www.skelleftejazz.se\/index.php?rest_route=\/wp\/v2\/posts"}],"about":[{"href":"https:\/\/www.skelleftejazz.se\/index.php?rest_route=\/wp\/v2\/types\/post"}],"author":[{"embeddable":true,"href":"https:\/\/www.skelleftejazz.se\/index.php?rest_route=\/wp\/v2\/users\/1"}],"replies":[{"embeddable":true,"href":"https:\/\/www.skelleftejazz.se\/index.php?rest_route=%2Fwp%2Fv2%2Fcomments&post=3471"}],"version-history":[{"count":3,"href":"https:\/\/www.skelleftejazz.se\/index.php?rest_route=\/wp\/v2\/posts\/3471\/revisions"}],"predecessor-version":[{"id":3475,"href":"https:\/\/www.skelleftejazz.se\/index.php?rest_route=\/wp\/v2\/posts\/3471\/revisions\/3475"}],"wp:attachment":[{"href":"https:\/\/www.skelleftejazz.se\/index.php?rest_route=%2Fwp%2Fv2%2Fmedia&parent=3471"}],"wp:term":[{"taxonomy":"category","embeddable":true,"href":"https:\/\/www.skelleftejazz.se\/index.php?rest_route=%2Fwp%2Fv2%2Fcategories&post=3471"},{"taxonomy":"post_tag","embeddable":true,"href":"https:\/\/www.skelleftejazz.se\/index.php?rest_route=%2Fwp%2Fv2%2Ftags&post=3471"}],"curies":[{"name":"wp","href":"https:\/\/api.w.org\/{rel}","templated":true}]}}