{"id":3456,"date":"2018-03-04T21:52:39","date_gmt":"2018-03-04T20:52:39","guid":{"rendered":"http:\/\/www.skelleftejazz.se\/?p=3456"},"modified":"2018-03-04T21:54:37","modified_gmt":"2018-03-04T20:54:37","slug":"lordag-2018-03-10-alvy-1300-ben-patterson-erik-soderlind","status":"publish","type":"post","link":"https:\/\/www.skelleftejazz.se\/?p=3456","title":{"rendered":"L\u00f6rdag 2018-03-10 \u00c4lvy 13:00 Ben Patterson &#038; Erik S\u00f6derlind"},"content":{"rendered":"<p>V\u00e5rens sista Jazzkaf\u00e9 p\u00e5 \u00c4lvy!<\/p>\n<p>Ben Paterson (USA) \u2013 piano\/s\u00e5ng, Erik S\u00f6derlind (SWE) \u2013 guitar, Neal Miner (USA) \u2013 Bass<\/p>\n<p><a href=\"https:\/\/www.skelleftejazz.se\/wp-content\/uploads\/2018\/03\/benP.jpg\"><img loading=\"lazy\" decoding=\"async\" class=\"alignleft wp-image-3457 size-medium\" src=\"https:\/\/www.skelleftejazz.se\/wp-content\/uploads\/2018\/03\/benP-300x273.jpg\" alt=\"\" width=\"300\" height=\"273\" srcset=\"https:\/\/www.skelleftejazz.se\/wp-content\/uploads\/2018\/03\/benP-300x273.jpg 300w, https:\/\/www.skelleftejazz.se\/wp-content\/uploads\/2018\/03\/benP.jpg 394w\" sizes=\"auto, (max-width: 300px) 100vw, 300px\" \/><\/a>Amerikansk jazzpianist med r\u00f6tter i J\u00e4mtland Den amerikanska jazzpianisten Ben Paterson kommer till Sverige f\u00f6r en turn\u00e9. Tillsammans med den hyllade svenska jazz-gitarristen Erik S\u00f6derlind och New York-basisten Neal Miner bildar han trion The Paterson Project. \u2013 Vi har ett brett musikaliskt anslag och knyter bland annat samman Bob Dylans l\u00e5tskatt med den jazztradition som Nat King Cole och Oscar Peterson st\u00e5r f\u00f6r. Dessutom framf\u00f6r vi eget material, ber\u00e4ttar gitarristen Erik S\u00f6derlind. Nat King Cole och Oscar Peterson blev stilbildande i det avskalade trio-formatet.<\/p>\n<p>Erik S\u00f6derlind och Ben Paterson har turnerat tillsammans tidigare. Beslutet att ta triokonceptet vidare f\u00f6ddes n\u00e4r Erik var i New York f\u00f6rra \u00e5ret och medverkade p\u00e5 en inspelning d\u00e4r Ben visade att han inte bara \u00e4r en fantastisk pianist utan \u00e4ven en utm\u00e4rkt s\u00e5ngare. Det \u00e4r inte bara Erik S\u00f6derlind som har kopplingar till Sverige. Ben Paterson sj\u00e4lv har svenskt p\u00e5br\u00e5. Hans mamma kommer fr\u00e5n det lilla samh\u00e4llet K\u00e4larne i J\u00e4mtland.<\/p>\n<p>Provlyssna g\u00e4rna:\u00a0<a href=\"https:\/\/www.youtube.com\/watch?v=87-B6s2oflQ&amp;feature=youtu.be\" target=\"_blank\" rel=\"noopener\">When I Grow Too Old To Dream<\/a><\/p>\n","protected":false},"excerpt":{"rendered":"<p>V\u00e5rens sista Jazzkaf\u00e9 p\u00e5 \u00c4lvy! Ben Paterson (USA) \u2013 piano\/s\u00e5ng, Erik S\u00f6derlind (SWE) \u2013 guitar, Neal Miner (USA) \u2013 Bass Amerikansk jazzpianist med r\u00f6tter i J\u00e4mtland Den amerikanska jazzpianisten Ben Paterson kommer till Sverige f\u00f6r en turn\u00e9. Tillsammans med den hyllade svenska jazz-gitarristen Erik S\u00f6derlind och New York-basisten Neal Miner bildar han trion The Paterson&hellip; <a href=\"https:\/\/www.skelleftejazz.se\/?p=3456\" class=\"read-more\">Forts\u00e4tt l\u00e4sa L\u00f6rdag 2018-03-10 \u00c4lvy 13:00 Ben Patterson &#038; Erik S\u00f6derlind<\/a><\/p>\n","protected":false},"author":1,"featured_media":0,"comment_status":"closed","ping_status":"open","sticky":false,"template":"","format":"standard","meta":{"footnotes":""},"categories":[4],"tags":[],"class_list":["post-3456","post","type-post","status-publish","format-standard","hentry","category-uncategorized-2"],"_links":{"self":[{"href":"https:\/\/www.skelleftejazz.se\/index.php?rest_route=\/wp\/v2\/posts\/3456","targetHints":{"allow":["GET"]}}],"collection":[{"href":"https:\/\/www.skelleftejazz.se\/index.php?rest_route=\/wp\/v2\/posts"}],"about":[{"href":"https:\/\/www.skelleftejazz.se\/index.php?rest_route=\/wp\/v2\/types\/post"}],"author":[{"embeddable":true,"href":"https:\/\/www.skelleftejazz.se\/index.php?rest_route=\/wp\/v2\/users\/1"}],"replies":[{"embeddable":true,"href":"https:\/\/www.skelleftejazz.se\/index.php?rest_route=%2Fwp%2Fv2%2Fcomments&post=3456"}],"version-history":[{"count":1,"href":"https:\/\/www.skelleftejazz.se\/index.php?rest_route=\/wp\/v2\/posts\/3456\/revisions"}],"predecessor-version":[{"id":3458,"href":"https:\/\/www.skelleftejazz.se\/index.php?rest_route=\/wp\/v2\/posts\/3456\/revisions\/3458"}],"wp:attachment":[{"href":"https:\/\/www.skelleftejazz.se\/index.php?rest_route=%2Fwp%2Fv2%2Fmedia&parent=3456"}],"wp:term":[{"taxonomy":"category","embeddable":true,"href":"https:\/\/www.skelleftejazz.se\/index.php?rest_route=%2Fwp%2Fv2%2Fcategories&post=3456"},{"taxonomy":"post_tag","embeddable":true,"href":"https:\/\/www.skelleftejazz.se\/index.php?rest_route=%2Fwp%2Fv2%2Ftags&post=3456"}],"curies":[{"name":"wp","href":"https:\/\/api.w.org\/{rel}","templated":true}]}}