{"id":3442,"date":"2018-02-18T22:32:02","date_gmt":"2018-02-18T21:32:02","guid":{"rendered":"http:\/\/www.skelleftejazz.se\/?p=3442"},"modified":"2018-02-18T23:14:51","modified_gmt":"2018-02-18T22:14:51","slug":"lordag-2018-02-24-alvy-1300-wihlborg-jazzband","status":"publish","type":"post","link":"https:\/\/www.skelleftejazz.se\/?p=3442","title":{"rendered":"L\u00f6rdag 2018-02-24 \u00c4lvy 13:00 Wihlborg jazzband"},"content":{"rendered":"<p>Jan-\u00c5ke Wihlborg \u2013 kapellm\u00e4stare och bas,\u00a0Magdalena Lundberg \u2013 s\u00e5ng,\u00a0Jan-Erik \u201cSunke\u201d Sundqvist\u00a0\u2013 sax,\u00a0Erik Holmstr\u00f6m\u00a0\u2013 trummor,\u00a0Tor Holmstr\u00f6m\u00a0\u2013 Piano och\u00a0\u00c5ke \u00d6stman\u00a0\u2013 gitarr.<\/p>\n<p><a href=\"https:\/\/www.skelleftejazz.se\/wp-content\/uploads\/2013\/12\/willes.jpg\"><img loading=\"lazy\" decoding=\"async\" class=\"alignleft size-full wp-image-2113\" src=\"https:\/\/www.skelleftejazz.se\/wp-content\/uploads\/2013\/12\/willes.jpg\" alt=\"\" width=\"386\" height=\"395\" srcset=\"https:\/\/www.skelleftejazz.se\/wp-content\/uploads\/2013\/12\/willes.jpg 386w, https:\/\/www.skelleftejazz.se\/wp-content\/uploads\/2013\/12\/willes-293x300.jpg 293w\" sizes=\"auto, (max-width: 386px) 100vw, 386px\" \/><\/a><\/p>\n","protected":false},"excerpt":{"rendered":"<p>Jan-\u00c5ke Wihlborg \u2013 kapellm\u00e4stare och bas,\u00a0Magdalena Lundberg \u2013 s\u00e5ng,\u00a0Jan-Erik \u201cSunke\u201d Sundqvist\u00a0\u2013 sax,\u00a0Erik Holmstr\u00f6m\u00a0\u2013 trummor,\u00a0Tor Holmstr\u00f6m\u00a0\u2013 Piano och\u00a0\u00c5ke \u00d6stman\u00a0\u2013 gitarr.<\/p>\n","protected":false},"author":1,"featured_media":0,"comment_status":"closed","ping_status":"open","sticky":false,"template":"","format":"standard","meta":{"footnotes":""},"categories":[4],"tags":[],"class_list":["post-3442","post","type-post","status-publish","format-standard","hentry","category-uncategorized-2"],"_links":{"self":[{"href":"https:\/\/www.skelleftejazz.se\/index.php?rest_route=\/wp\/v2\/posts\/3442","targetHints":{"allow":["GET"]}}],"collection":[{"href":"https:\/\/www.skelleftejazz.se\/index.php?rest_route=\/wp\/v2\/posts"}],"about":[{"href":"https:\/\/www.skelleftejazz.se\/index.php?rest_route=\/wp\/v2\/types\/post"}],"author":[{"embeddable":true,"href":"https:\/\/www.skelleftejazz.se\/index.php?rest_route=\/wp\/v2\/users\/1"}],"replies":[{"embeddable":true,"href":"https:\/\/www.skelleftejazz.se\/index.php?rest_route=%2Fwp%2Fv2%2Fcomments&post=3442"}],"version-history":[{"count":3,"href":"https:\/\/www.skelleftejazz.se\/index.php?rest_route=\/wp\/v2\/posts\/3442\/revisions"}],"predecessor-version":[{"id":3445,"href":"https:\/\/www.skelleftejazz.se\/index.php?rest_route=\/wp\/v2\/posts\/3442\/revisions\/3445"}],"wp:attachment":[{"href":"https:\/\/www.skelleftejazz.se\/index.php?rest_route=%2Fwp%2Fv2%2Fmedia&parent=3442"}],"wp:term":[{"taxonomy":"category","embeddable":true,"href":"https:\/\/www.skelleftejazz.se\/index.php?rest_route=%2Fwp%2Fv2%2Fcategories&post=3442"},{"taxonomy":"post_tag","embeddable":true,"href":"https:\/\/www.skelleftejazz.se\/index.php?rest_route=%2Fwp%2Fv2%2Ftags&post=3442"}],"curies":[{"name":"wp","href":"https:\/\/api.w.org\/{rel}","templated":true}]}}