{"id":3431,"date":"2018-02-10T16:31:08","date_gmt":"2018-02-10T15:31:08","guid":{"rendered":"http:\/\/www.skelleftejazz.se\/?p=3431"},"modified":"2018-02-10T16:31:08","modified_gmt":"2018-02-10T15:31:08","slug":"lordag-2018-02-17-alvy-1300-jan-lundberg-septett","status":"publish","type":"post","link":"https:\/\/www.skelleftejazz.se\/?p=3431","title":{"rendered":"L\u00f6rdag 2018-02-17 \u00c4lvy. 13:00 Jan Lundberg septett"},"content":{"rendered":"<p>V\u00e4lkommen \u00e5ter till Skellefte\u00e5. Med regelbunden envishet tar sig Janne an ytterligare ett jazzkaf\u00e9 med sina trevliga kamrater och med en eller flera av sina m\u00e5nga saxofoner.<\/p>\n<p>Jan Lundberg \u2013 sax och\u00a0klarinett, Amanda Clarin \u2013 trumpet och s\u00e5ng, Erik Holmstr\u00f6m \u2013 vibrafon, Johan Tegheim \u2013 piano, Joachim Toft \u2013 gitarr, Roger Stenberg \u2013 bas och Ulf Degerman \u2013 trummor.<\/p>\n","protected":false},"excerpt":{"rendered":"<p>V\u00e4lkommen \u00e5ter till Skellefte\u00e5. Med regelbunden envishet tar sig Janne an ytterligare ett jazzkaf\u00e9 med sina trevliga kamrater och med en eller flera av sina m\u00e5nga saxofoner. Jan Lundberg \u2013 sax och\u00a0klarinett, Amanda Clarin \u2013 trumpet och s\u00e5ng, Erik Holmstr\u00f6m \u2013 vibrafon, Johan Tegheim \u2013 piano, Joachim Toft \u2013 gitarr, Roger Stenberg \u2013 bas och&hellip; <a href=\"https:\/\/www.skelleftejazz.se\/?p=3431\" class=\"read-more\">Forts\u00e4tt l\u00e4sa L\u00f6rdag 2018-02-17 \u00c4lvy. 13:00 Jan Lundberg septett<\/a><\/p>\n","protected":false},"author":1,"featured_media":0,"comment_status":"closed","ping_status":"open","sticky":false,"template":"","format":"standard","meta":{"footnotes":""},"categories":[4],"tags":[],"class_list":["post-3431","post","type-post","status-publish","format-standard","hentry","category-uncategorized-2"],"_links":{"self":[{"href":"https:\/\/www.skelleftejazz.se\/index.php?rest_route=\/wp\/v2\/posts\/3431","targetHints":{"allow":["GET"]}}],"collection":[{"href":"https:\/\/www.skelleftejazz.se\/index.php?rest_route=\/wp\/v2\/posts"}],"about":[{"href":"https:\/\/www.skelleftejazz.se\/index.php?rest_route=\/wp\/v2\/types\/post"}],"author":[{"embeddable":true,"href":"https:\/\/www.skelleftejazz.se\/index.php?rest_route=\/wp\/v2\/users\/1"}],"replies":[{"embeddable":true,"href":"https:\/\/www.skelleftejazz.se\/index.php?rest_route=%2Fwp%2Fv2%2Fcomments&post=3431"}],"version-history":[{"count":1,"href":"https:\/\/www.skelleftejazz.se\/index.php?rest_route=\/wp\/v2\/posts\/3431\/revisions"}],"predecessor-version":[{"id":3432,"href":"https:\/\/www.skelleftejazz.se\/index.php?rest_route=\/wp\/v2\/posts\/3431\/revisions\/3432"}],"wp:attachment":[{"href":"https:\/\/www.skelleftejazz.se\/index.php?rest_route=%2Fwp%2Fv2%2Fmedia&parent=3431"}],"wp:term":[{"taxonomy":"category","embeddable":true,"href":"https:\/\/www.skelleftejazz.se\/index.php?rest_route=%2Fwp%2Fv2%2Fcategories&post=3431"},{"taxonomy":"post_tag","embeddable":true,"href":"https:\/\/www.skelleftejazz.se\/index.php?rest_route=%2Fwp%2Fv2%2Ftags&post=3431"}],"curies":[{"name":"wp","href":"https:\/\/api.w.org\/{rel}","templated":true}]}}