{"id":3426,"date":"2018-02-05T21:43:43","date_gmt":"2018-02-05T20:43:43","guid":{"rendered":"http:\/\/www.skelleftejazz.se\/?p=3426"},"modified":"2018-02-05T21:43:43","modified_gmt":"2018-02-05T20:43:43","slug":"lordag-2018-02-10-dick-grubbstroms-kvartett-med-ullrika-lundmark","status":"publish","type":"post","link":"https:\/\/www.skelleftejazz.se\/?p=3426","title":{"rendered":"L\u00f6rdag 2018-02-10 Dick Grubbstr\u00f6ms kvartett med Ullrika Lundmark"},"content":{"rendered":"<p>Dick Grubbstr\u00f6m- piano, Torsten M\u00e5rtensson \u2013 gitarr, Tommy Forsell \u2013 bas, Peter Melender \u2013 trummor, Ulrika Lundmark \u2013 s\u00e5ng. Och kanske dyker det upp tv\u00e5 saxofonister p\u00e5 n\u00e5gra l\u00e5tar. Vissa styrelsemedlemmar \u00e4r liksom spelsugna. Bilden tjuvtagen fr\u00e5n studion.<\/p>\n<p><a href=\"https:\/\/www.skelleftejazz.se\/wp-content\/uploads\/2018\/02\/dick.jpg\"><img loading=\"lazy\" decoding=\"async\" class=\"alignleft size-full wp-image-3427\" src=\"https:\/\/www.skelleftejazz.se\/wp-content\/uploads\/2018\/02\/dick.jpg\" alt=\"\" width=\"398\" height=\"464\" srcset=\"https:\/\/www.skelleftejazz.se\/wp-content\/uploads\/2018\/02\/dick.jpg 398w, https:\/\/www.skelleftejazz.se\/wp-content\/uploads\/2018\/02\/dick-257x300.jpg 257w\" sizes=\"auto, (max-width: 398px) 100vw, 398px\" \/><\/a><\/p>\n","protected":false},"excerpt":{"rendered":"<p>Dick Grubbstr\u00f6m- piano, Torsten M\u00e5rtensson \u2013 gitarr, Tommy Forsell \u2013 bas, Peter Melender \u2013 trummor, Ulrika Lundmark \u2013 s\u00e5ng. Och kanske dyker det upp tv\u00e5 saxofonister p\u00e5 n\u00e5gra l\u00e5tar. Vissa styrelsemedlemmar \u00e4r liksom spelsugna. Bilden tjuvtagen fr\u00e5n studion.<\/p>\n","protected":false},"author":1,"featured_media":0,"comment_status":"closed","ping_status":"open","sticky":false,"template":"","format":"standard","meta":{"footnotes":""},"categories":[4],"tags":[],"class_list":["post-3426","post","type-post","status-publish","format-standard","hentry","category-uncategorized-2"],"_links":{"self":[{"href":"https:\/\/www.skelleftejazz.se\/index.php?rest_route=\/wp\/v2\/posts\/3426","targetHints":{"allow":["GET"]}}],"collection":[{"href":"https:\/\/www.skelleftejazz.se\/index.php?rest_route=\/wp\/v2\/posts"}],"about":[{"href":"https:\/\/www.skelleftejazz.se\/index.php?rest_route=\/wp\/v2\/types\/post"}],"author":[{"embeddable":true,"href":"https:\/\/www.skelleftejazz.se\/index.php?rest_route=\/wp\/v2\/users\/1"}],"replies":[{"embeddable":true,"href":"https:\/\/www.skelleftejazz.se\/index.php?rest_route=%2Fwp%2Fv2%2Fcomments&post=3426"}],"version-history":[{"count":1,"href":"https:\/\/www.skelleftejazz.se\/index.php?rest_route=\/wp\/v2\/posts\/3426\/revisions"}],"predecessor-version":[{"id":3428,"href":"https:\/\/www.skelleftejazz.se\/index.php?rest_route=\/wp\/v2\/posts\/3426\/revisions\/3428"}],"wp:attachment":[{"href":"https:\/\/www.skelleftejazz.se\/index.php?rest_route=%2Fwp%2Fv2%2Fmedia&parent=3426"}],"wp:term":[{"taxonomy":"category","embeddable":true,"href":"https:\/\/www.skelleftejazz.se\/index.php?rest_route=%2Fwp%2Fv2%2Fcategories&post=3426"},{"taxonomy":"post_tag","embeddable":true,"href":"https:\/\/www.skelleftejazz.se\/index.php?rest_route=%2Fwp%2Fv2%2Ftags&post=3426"}],"curies":[{"name":"wp","href":"https:\/\/api.w.org\/{rel}","templated":true}]}}