{"id":3414,"date":"2018-01-28T20:12:32","date_gmt":"2018-01-28T19:12:32","guid":{"rendered":"http:\/\/www.skelleftejazz.se\/?p=3414"},"modified":"2018-02-27T15:02:30","modified_gmt":"2018-02-27T14:02:30","slug":"lordag-2018-02-03-1300-alvy-gruppen-burn","status":"publish","type":"post","link":"https:\/\/www.skelleftejazz.se\/?p=3414","title":{"rendered":"L\u00f6rdag 2018-02-03 13:00 \u00c4lvy, gruppen Burn"},"content":{"rendered":"<p>I samarbete med<br \/>\n<a href=\"https:\/\/www.skelleftejazz.se\/wp-content\/uploads\/2018\/02\/vasternorrland.jpg\"><img loading=\"lazy\" decoding=\"async\" class=\"alignleft wp-image-3448 size-medium\" src=\"https:\/\/www.skelleftejazz.se\/wp-content\/uploads\/2018\/02\/vasternorrland-300x71.jpg\" alt=\"\" width=\"300\" height=\"71\" srcset=\"https:\/\/www.skelleftejazz.se\/wp-content\/uploads\/2018\/02\/vasternorrland-300x71.jpg 300w, https:\/\/www.skelleftejazz.se\/wp-content\/uploads\/2018\/02\/vasternorrland.jpg 500w\" sizes=\"auto, (max-width: 300px) 100vw, 300px\" \/><\/a><br \/>\npresenteras gruppen &#8221;Burn&#8221; som best\u00e5r av\u00a0 6 instrumentalister fr\u00e5n 6 l\u00e4nder. Gruppen spelar egen musik inspirerad av m\u00e5nga internationella samarbeten. Burn startade for 10 \u00e5r siden och bestod av de tre bl\u00e5sarna som spelade med olika kompgrupper i Tyskland, Sverige, Danmark och i Norge. Numera \u00e4r Burn en fast ensemble best\u00e5ende av:<br \/>\nHildegunn \u00d8iseth \u2013 trumpeter och <strong>bukkehorn<\/strong>,\u00a0Shannon Mowday \u2013 saxofoner och klarinetter,\u00a0Karin Hammar trombon,\u00a0Sandra Hempel \u2013 gitarer,\u00a0Ida Gormsen \u2013 bas,\u00a0Julie \u2013 Saurie trummor.<\/p>\n<p><a href=\"https:\/\/www.skelleftejazz.se\/wp-content\/uploads\/2018\/01\/burn2.jpg\"><img loading=\"lazy\" decoding=\"async\" class=\"alignleft size-full wp-image-3416\" src=\"https:\/\/www.skelleftejazz.se\/wp-content\/uploads\/2018\/01\/burn2.jpg\" alt=\"\" width=\"254\" height=\"198\" \/><\/a><a href=\"https:\/\/www.skelleftejazz.se\/wp-content\/uploads\/2018\/01\/burn1.jpg\"><img loading=\"lazy\" decoding=\"async\" class=\"alignleft wp-image-3415 size-medium\" src=\"https:\/\/www.skelleftejazz.se\/wp-content\/uploads\/2018\/01\/burn1-300x224.jpg\" alt=\"\" width=\"300\" height=\"224\" srcset=\"https:\/\/www.skelleftejazz.se\/wp-content\/uploads\/2018\/01\/burn1-300x224.jpg 300w, https:\/\/www.skelleftejazz.se\/wp-content\/uploads\/2018\/01\/burn1-400x300.jpg 400w, https:\/\/www.skelleftejazz.se\/wp-content\/uploads\/2018\/01\/burn1.jpg 478w\" sizes=\"auto, (max-width: 300px) 100vw, 300px\" \/><\/a><a href=\"https:\/\/www.skelleftejazz.se\/wp-content\/uploads\/2018\/01\/burn3.jpg\"><img loading=\"lazy\" decoding=\"async\" class=\"alignleft wp-image-3418 size-medium\" src=\"https:\/\/www.skelleftejazz.se\/wp-content\/uploads\/2018\/01\/burn3-300x209.jpg\" alt=\"\" width=\"300\" height=\"209\" srcset=\"https:\/\/www.skelleftejazz.se\/wp-content\/uploads\/2018\/01\/burn3-300x209.jpg 300w, https:\/\/www.skelleftejazz.se\/wp-content\/uploads\/2018\/01\/burn3-768x535.jpg 768w, https:\/\/www.skelleftejazz.se\/wp-content\/uploads\/2018\/01\/burn3-1024x713.jpg 1024w, https:\/\/www.skelleftejazz.se\/wp-content\/uploads\/2018\/01\/burn3.jpg 1614w\" sizes=\"auto, (max-width: 300px) 100vw, 300px\" \/><\/a><\/p>\n","protected":false},"excerpt":{"rendered":"<p>I samarbete med presenteras gruppen &#8221;Burn&#8221; som best\u00e5r av\u00a0 6 instrumentalister fr\u00e5n 6 l\u00e4nder. Gruppen spelar egen musik inspirerad av m\u00e5nga internationella samarbeten. Burn startade for 10 \u00e5r siden och bestod av de tre bl\u00e5sarna som spelade med olika kompgrupper i Tyskland, Sverige, Danmark och i Norge. Numera \u00e4r Burn en fast ensemble best\u00e5ende av:&hellip; <a href=\"https:\/\/www.skelleftejazz.se\/?p=3414\" class=\"read-more\">Forts\u00e4tt l\u00e4sa L\u00f6rdag 2018-02-03 13:00 \u00c4lvy, gruppen Burn<\/a><\/p>\n","protected":false},"author":1,"featured_media":0,"comment_status":"closed","ping_status":"open","sticky":false,"template":"","format":"standard","meta":{"footnotes":""},"categories":[4],"tags":[],"class_list":["post-3414","post","type-post","status-publish","format-standard","hentry","category-uncategorized-2"],"_links":{"self":[{"href":"https:\/\/www.skelleftejazz.se\/index.php?rest_route=\/wp\/v2\/posts\/3414","targetHints":{"allow":["GET"]}}],"collection":[{"href":"https:\/\/www.skelleftejazz.se\/index.php?rest_route=\/wp\/v2\/posts"}],"about":[{"href":"https:\/\/www.skelleftejazz.se\/index.php?rest_route=\/wp\/v2\/types\/post"}],"author":[{"embeddable":true,"href":"https:\/\/www.skelleftejazz.se\/index.php?rest_route=\/wp\/v2\/users\/1"}],"replies":[{"embeddable":true,"href":"https:\/\/www.skelleftejazz.se\/index.php?rest_route=%2Fwp%2Fv2%2Fcomments&post=3414"}],"version-history":[{"count":5,"href":"https:\/\/www.skelleftejazz.se\/index.php?rest_route=\/wp\/v2\/posts\/3414\/revisions"}],"predecessor-version":[{"id":3451,"href":"https:\/\/www.skelleftejazz.se\/index.php?rest_route=\/wp\/v2\/posts\/3414\/revisions\/3451"}],"wp:attachment":[{"href":"https:\/\/www.skelleftejazz.se\/index.php?rest_route=%2Fwp%2Fv2%2Fmedia&parent=3414"}],"wp:term":[{"taxonomy":"category","embeddable":true,"href":"https:\/\/www.skelleftejazz.se\/index.php?rest_route=%2Fwp%2Fv2%2Fcategories&post=3414"},{"taxonomy":"post_tag","embeddable":true,"href":"https:\/\/www.skelleftejazz.se\/index.php?rest_route=%2Fwp%2Fv2%2Ftags&post=3414"}],"curies":[{"name":"wp","href":"https:\/\/api.w.org\/{rel}","templated":true}]}}