{"id":3332,"date":"2017-12-03T21:37:22","date_gmt":"2017-12-03T20:37:22","guid":{"rendered":"http:\/\/www.skelleftejazz.se\/?p=3332"},"modified":"2017-12-03T21:37:22","modified_gmt":"2017-12-03T20:37:22","slug":"lordag-2017-12-09-1300-alvy-dick-grubbstrom-vibrafonkvintett-med-ullrica-lundmark","status":"publish","type":"post","link":"https:\/\/www.skelleftejazz.se\/?p=3332","title":{"rendered":"L\u00f6rdag 2017-12-09 13:00 \u00c4lvy.\u00a0Dick Grubbstr\u00f6m vibrafonkvintett med Ullrica Lundmark."},"content":{"rendered":"<p><a href=\"https:\/\/www.skelleftejazz.se\/wp-content\/uploads\/2017\/12\/vibra.jpg\"><img loading=\"lazy\" decoding=\"async\" class=\"alignleft size-full wp-image-3333\" src=\"https:\/\/www.skelleftejazz.se\/wp-content\/uploads\/2017\/12\/vibra.jpg\" alt=\"\" width=\"260\" height=\"194\" \/><\/a><br \/>\nUlrica Lundmark \u2013 s\u00e5ng, Erik Holmstr\u00f6m \u2013 vibrafon,\u00a0\u00c5ke \u00d6stman \u2013 gitarr, Dick Grubbstr\u00f6m \u2013 piano, Magnus Bergner \u2013 bas, Peter Melender \u2013 trummor. Ni vet det h\u00e4r g\u00e4nget som det av och till kan sv\u00e4nga r\u00e4tt bra om.<\/p>\n","protected":false},"excerpt":{"rendered":"<p>Ulrica Lundmark \u2013 s\u00e5ng, Erik Holmstr\u00f6m \u2013 vibrafon,\u00a0\u00c5ke \u00d6stman \u2013 gitarr, Dick Grubbstr\u00f6m \u2013 piano, Magnus Bergner \u2013 bas, Peter Melender \u2013 trummor. Ni vet det h\u00e4r g\u00e4nget som det av och till kan sv\u00e4nga r\u00e4tt bra om.<\/p>\n","protected":false},"author":1,"featured_media":0,"comment_status":"closed","ping_status":"open","sticky":false,"template":"","format":"standard","meta":{"footnotes":""},"categories":[4],"tags":[],"class_list":["post-3332","post","type-post","status-publish","format-standard","hentry","category-uncategorized-2"],"_links":{"self":[{"href":"https:\/\/www.skelleftejazz.se\/index.php?rest_route=\/wp\/v2\/posts\/3332","targetHints":{"allow":["GET"]}}],"collection":[{"href":"https:\/\/www.skelleftejazz.se\/index.php?rest_route=\/wp\/v2\/posts"}],"about":[{"href":"https:\/\/www.skelleftejazz.se\/index.php?rest_route=\/wp\/v2\/types\/post"}],"author":[{"embeddable":true,"href":"https:\/\/www.skelleftejazz.se\/index.php?rest_route=\/wp\/v2\/users\/1"}],"replies":[{"embeddable":true,"href":"https:\/\/www.skelleftejazz.se\/index.php?rest_route=%2Fwp%2Fv2%2Fcomments&post=3332"}],"version-history":[{"count":1,"href":"https:\/\/www.skelleftejazz.se\/index.php?rest_route=\/wp\/v2\/posts\/3332\/revisions"}],"predecessor-version":[{"id":3334,"href":"https:\/\/www.skelleftejazz.se\/index.php?rest_route=\/wp\/v2\/posts\/3332\/revisions\/3334"}],"wp:attachment":[{"href":"https:\/\/www.skelleftejazz.se\/index.php?rest_route=%2Fwp%2Fv2%2Fmedia&parent=3332"}],"wp:term":[{"taxonomy":"category","embeddable":true,"href":"https:\/\/www.skelleftejazz.se\/index.php?rest_route=%2Fwp%2Fv2%2Fcategories&post=3332"},{"taxonomy":"post_tag","embeddable":true,"href":"https:\/\/www.skelleftejazz.se\/index.php?rest_route=%2Fwp%2Fv2%2Ftags&post=3332"}],"curies":[{"name":"wp","href":"https:\/\/api.w.org\/{rel}","templated":true}]}}