{"id":3329,"date":"2017-11-26T20:47:30","date_gmt":"2017-11-26T19:47:30","guid":{"rendered":"http:\/\/www.skelleftejazz.se\/?p=3329"},"modified":"2017-11-26T20:48:03","modified_gmt":"2017-11-26T19:48:03","slug":"lordag-2017-12-02-1300-alvy-elisabeth-melander-jazzappear","status":"publish","type":"post","link":"https:\/\/www.skelleftejazz.se\/?p=3329","title":{"rendered":"L\u00f6rdag 2017-12-02 13:00 \u00c4lvy.\u00a0Elisabeth Melander &#8211; JazzAppear"},"content":{"rendered":"<figure id=\"attachment_3231\" aria-describedby=\"caption-attachment-3231\" style=\"width: 197px\" class=\"wp-caption alignleft\"><a href=\"https:\/\/www.skelleftejazz.se\/wp-content\/uploads\/2017\/07\/em.jpg\"><img loading=\"lazy\" decoding=\"async\" class=\"size-full wp-image-3231\" src=\"https:\/\/www.skelleftejazz.se\/wp-content\/uploads\/2017\/07\/em.jpg\" alt=\"\" width=\"197\" height=\"197\" srcset=\"https:\/\/www.skelleftejazz.se\/wp-content\/uploads\/2017\/07\/em.jpg 197w, https:\/\/www.skelleftejazz.se\/wp-content\/uploads\/2017\/07\/em-150x150.jpg 150w\" sizes=\"auto, (max-width: 197px) 100vw, 197px\" \/><\/a><figcaption id=\"caption-attachment-3231\" class=\"wp-caption-text\">Elisabeth Melander<\/figcaption><\/figure>\n<p>En av Sveriges jazzr\u00f6ster \u00e4r tillbaka p\u00e5 jazzscenen i en efterl\u00e4ngtad comeback. H\u00e4r tillsammans med n\u00e5gra av landets riktigt bra musiker. Vi m\u00f6ter inte bara en s\u00e5ngerska med sitt komp utan en komplett jazzgrupp d\u00e4r r\u00f6sten ocks\u00e5 \u00e4r ett viktigt instrument.<\/p>\n<p>Elisabeths sj\u00e4lfullhet, hennes varma uttryck och k\u00e4nsla tillsammans med en unik improvisationskonst pr\u00e4glar gruppen JazzAppear &#8211; d\u00e4r spontanitet, samspel och gl\u00e4dje samsas.<br \/>\nMed f\u00e4rsk CD och h\u00e4rligt fina recensioner i bagaget \u00e4r det nu dags f\u00f6r turn\u00e9 och konserter.<br \/>\nH\u00e5kan Rydin &#8211; piano,\u00a0G\u00f6ran Schelin &#8211; bas,\u00a0Lars Beijbom &#8211; trummor \/ percussion, Anders Bergcrantz &#8211; trumpet \/ flygelhorn,\u00a0Inge Petersson Lindb\u00e4ck &#8211; tenor\/sopransax<\/p>\n","protected":false},"excerpt":{"rendered":"<p>En av Sveriges jazzr\u00f6ster \u00e4r tillbaka p\u00e5 jazzscenen i en efterl\u00e4ngtad comeback. H\u00e4r tillsammans med n\u00e5gra av landets riktigt bra musiker. Vi m\u00f6ter inte bara en s\u00e5ngerska med sitt komp utan en komplett jazzgrupp d\u00e4r r\u00f6sten ocks\u00e5 \u00e4r ett viktigt instrument. Elisabeths sj\u00e4lfullhet, hennes varma uttryck och k\u00e4nsla tillsammans med en unik improvisationskonst pr\u00e4glar gruppen&hellip; <a href=\"https:\/\/www.skelleftejazz.se\/?p=3329\" class=\"read-more\">Forts\u00e4tt l\u00e4sa L\u00f6rdag 2017-12-02 13:00 \u00c4lvy.\u00a0Elisabeth Melander &#8211; JazzAppear<\/a><\/p>\n","protected":false},"author":1,"featured_media":0,"comment_status":"closed","ping_status":"open","sticky":false,"template":"","format":"standard","meta":{"footnotes":""},"categories":[4],"tags":[],"class_list":["post-3329","post","type-post","status-publish","format-standard","hentry","category-uncategorized-2"],"_links":{"self":[{"href":"https:\/\/www.skelleftejazz.se\/index.php?rest_route=\/wp\/v2\/posts\/3329","targetHints":{"allow":["GET"]}}],"collection":[{"href":"https:\/\/www.skelleftejazz.se\/index.php?rest_route=\/wp\/v2\/posts"}],"about":[{"href":"https:\/\/www.skelleftejazz.se\/index.php?rest_route=\/wp\/v2\/types\/post"}],"author":[{"embeddable":true,"href":"https:\/\/www.skelleftejazz.se\/index.php?rest_route=\/wp\/v2\/users\/1"}],"replies":[{"embeddable":true,"href":"https:\/\/www.skelleftejazz.se\/index.php?rest_route=%2Fwp%2Fv2%2Fcomments&post=3329"}],"version-history":[{"count":1,"href":"https:\/\/www.skelleftejazz.se\/index.php?rest_route=\/wp\/v2\/posts\/3329\/revisions"}],"predecessor-version":[{"id":3330,"href":"https:\/\/www.skelleftejazz.se\/index.php?rest_route=\/wp\/v2\/posts\/3329\/revisions\/3330"}],"wp:attachment":[{"href":"https:\/\/www.skelleftejazz.se\/index.php?rest_route=%2Fwp%2Fv2%2Fmedia&parent=3329"}],"wp:term":[{"taxonomy":"category","embeddable":true,"href":"https:\/\/www.skelleftejazz.se\/index.php?rest_route=%2Fwp%2Fv2%2Fcategories&post=3329"},{"taxonomy":"post_tag","embeddable":true,"href":"https:\/\/www.skelleftejazz.se\/index.php?rest_route=%2Fwp%2Fv2%2Ftags&post=3329"}],"curies":[{"name":"wp","href":"https:\/\/api.w.org\/{rel}","templated":true}]}}