{"id":3323,"date":"2017-11-19T20:31:18","date_gmt":"2017-11-19T19:31:18","guid":{"rendered":"http:\/\/www.skelleftejazz.se\/?p=3323"},"modified":"2017-11-19T20:31:18","modified_gmt":"2017-11-19T19:31:18","slug":"lordag-25-nov-kl-1300-alvy-mads-tolling","status":"publish","type":"post","link":"https:\/\/www.skelleftejazz.se\/?p=3323","title":{"rendered":"L\u00f6rdag 25 nov. kl 13:00 \u00c4lvy. Mads Tolling"},"content":{"rendered":"<p>TILL MINNE AV SVEND ASMUSSEN<\/p>\n<p>Den 7 februari 2017 avled jazzviolinlegenden Svend Asmussen, strax f\u00f6re sin 101 f\u00f6delsedag. Under turn\u00e9n i V\u00e4sterbotten kommer violinisten Mads Tolling att hylla \u201dThe Fiddling Viking\u201d. Via konsertprogrammet ger Mads oss inblick i Svends l\u00e5nga karri\u00e4r, fr\u00e5n hans tidiga \u00e5r till hans senaste verk. Publiken kommer bland annat att f\u00e5 h\u00f6ra popul\u00e4ra l\u00e5tar s\u00e5som I Got Rhythm, June Night, Hambo om Bakfoten och Scandinavian Shuffle.<\/p>\n<p>Mads Tolling \u2013 violin, Jacob Fisher \u2013 gitarr, Matthias Petri \u2013 bas, Andreas Svendsen \u2013 trummor.<\/p>\n<p><a href=\"https:\/\/www.skelleftejazz.se\/wp-content\/uploads\/2017\/11\/mads.jpg\"><img loading=\"lazy\" decoding=\"async\" class=\"alignleft size-full wp-image-3324\" src=\"https:\/\/www.skelleftejazz.se\/wp-content\/uploads\/2017\/11\/mads.jpg\" alt=\"\" width=\"560\" height=\"420\" srcset=\"https:\/\/www.skelleftejazz.se\/wp-content\/uploads\/2017\/11\/mads.jpg 560w, https:\/\/www.skelleftejazz.se\/wp-content\/uploads\/2017\/11\/mads-300x225.jpg 300w, https:\/\/www.skelleftejazz.se\/wp-content\/uploads\/2017\/11\/mads-400x300.jpg 400w\" sizes=\"auto, (max-width: 560px) 100vw, 560px\" \/><\/a><\/p>\n","protected":false},"excerpt":{"rendered":"<p>TILL MINNE AV SVEND ASMUSSEN Den 7 februari 2017 avled jazzviolinlegenden Svend Asmussen, strax f\u00f6re sin 101 f\u00f6delsedag. Under turn\u00e9n i V\u00e4sterbotten kommer violinisten Mads Tolling att hylla \u201dThe Fiddling Viking\u201d. Via konsertprogrammet ger Mads oss inblick i Svends l\u00e5nga karri\u00e4r, fr\u00e5n hans tidiga \u00e5r till hans senaste verk. Publiken kommer bland annat att f\u00e5&hellip; <a href=\"https:\/\/www.skelleftejazz.se\/?p=3323\" class=\"read-more\">Forts\u00e4tt l\u00e4sa L\u00f6rdag 25 nov. kl 13:00 \u00c4lvy. Mads Tolling<\/a><\/p>\n","protected":false},"author":1,"featured_media":0,"comment_status":"closed","ping_status":"open","sticky":false,"template":"","format":"standard","meta":{"footnotes":""},"categories":[4],"tags":[],"class_list":["post-3323","post","type-post","status-publish","format-standard","hentry","category-uncategorized-2"],"_links":{"self":[{"href":"https:\/\/www.skelleftejazz.se\/index.php?rest_route=\/wp\/v2\/posts\/3323","targetHints":{"allow":["GET"]}}],"collection":[{"href":"https:\/\/www.skelleftejazz.se\/index.php?rest_route=\/wp\/v2\/posts"}],"about":[{"href":"https:\/\/www.skelleftejazz.se\/index.php?rest_route=\/wp\/v2\/types\/post"}],"author":[{"embeddable":true,"href":"https:\/\/www.skelleftejazz.se\/index.php?rest_route=\/wp\/v2\/users\/1"}],"replies":[{"embeddable":true,"href":"https:\/\/www.skelleftejazz.se\/index.php?rest_route=%2Fwp%2Fv2%2Fcomments&post=3323"}],"version-history":[{"count":1,"href":"https:\/\/www.skelleftejazz.se\/index.php?rest_route=\/wp\/v2\/posts\/3323\/revisions"}],"predecessor-version":[{"id":3325,"href":"https:\/\/www.skelleftejazz.se\/index.php?rest_route=\/wp\/v2\/posts\/3323\/revisions\/3325"}],"wp:attachment":[{"href":"https:\/\/www.skelleftejazz.se\/index.php?rest_route=%2Fwp%2Fv2%2Fmedia&parent=3323"}],"wp:term":[{"taxonomy":"category","embeddable":true,"href":"https:\/\/www.skelleftejazz.se\/index.php?rest_route=%2Fwp%2Fv2%2Fcategories&post=3323"},{"taxonomy":"post_tag","embeddable":true,"href":"https:\/\/www.skelleftejazz.se\/index.php?rest_route=%2Fwp%2Fv2%2Ftags&post=3323"}],"curies":[{"name":"wp","href":"https:\/\/api.w.org\/{rel}","templated":true}]}}