{"id":3306,"date":"2017-10-31T00:05:41","date_gmt":"2017-10-30T23:05:41","guid":{"rendered":"http:\/\/www.skelleftejazz.se\/?p=3306"},"modified":"2017-10-31T00:05:41","modified_gmt":"2017-10-30T23:05:41","slug":"lordag-2017-11-04-kl-1300-nordanateatern-johanssondolerudgulzdanielssonleth","status":"publish","type":"post","link":"https:\/\/www.skelleftejazz.se\/?p=3306","title":{"rendered":"L\u00f6rdag\u00a02017-11-04 kl 13:00 Nordan\u00e5teatern \u00a0Johansson\/D\u00f6lerud\/Gulz\/Danielsson\/Leth"},"content":{"rendered":"<p>(Vilket bandnamn!) I denna grupp samlas fem musiker vars v\u00e4gar under \u00e5ren korsats i en rad olika konstellationer. Nu sammanstr\u00e5lar de f\u00f6r att skapa en Svensk\/Dansk grupp med en m\u00e4ngd rutin. N\u00e4r Kristian Leth kommer upp fr\u00e5n Aarhus kompletteras denna line-up: Dan Johansson \u2013 trumpet,\u00a0Magnus D\u00f6lerud \u2013 saxofon,\u00a0Torbj\u00f6rn Gulz \u2013 piano,\u00a0Palle Danielsson \u2013 bas,\u00a0Kristian Leth \u2013 trummor<\/p>\n<p><a href=\"https:\/\/www.skelleftejazz.se\/wp-content\/uploads\/2017\/10\/2017-10-31-00-04-40.jpg\"><img loading=\"lazy\" decoding=\"async\" class=\"alignleft size-full wp-image-3307\" src=\"https:\/\/www.skelleftejazz.se\/wp-content\/uploads\/2017\/10\/2017-10-31-00-04-40.jpg\" alt=\"\" width=\"704\" height=\"396\" srcset=\"https:\/\/www.skelleftejazz.se\/wp-content\/uploads\/2017\/10\/2017-10-31-00-04-40.jpg 704w, https:\/\/www.skelleftejazz.se\/wp-content\/uploads\/2017\/10\/2017-10-31-00-04-40-300x169.jpg 300w\" sizes=\"auto, (max-width: 704px) 100vw, 704px\" \/><\/a><\/p>\n","protected":false},"excerpt":{"rendered":"<p>(Vilket bandnamn!) I denna grupp samlas fem musiker vars v\u00e4gar under \u00e5ren korsats i en rad olika konstellationer. Nu sammanstr\u00e5lar de f\u00f6r att skapa en Svensk\/Dansk grupp med en m\u00e4ngd rutin. N\u00e4r Kristian Leth kommer upp fr\u00e5n Aarhus kompletteras denna line-up: Dan Johansson \u2013 trumpet,\u00a0Magnus D\u00f6lerud \u2013 saxofon,\u00a0Torbj\u00f6rn Gulz \u2013 piano,\u00a0Palle Danielsson \u2013 bas,\u00a0Kristian Leth&hellip; <a href=\"https:\/\/www.skelleftejazz.se\/?p=3306\" class=\"read-more\">Forts\u00e4tt l\u00e4sa L\u00f6rdag\u00a02017-11-04 kl 13:00 Nordan\u00e5teatern \u00a0Johansson\/D\u00f6lerud\/Gulz\/Danielsson\/Leth<\/a><\/p>\n","protected":false},"author":1,"featured_media":0,"comment_status":"closed","ping_status":"open","sticky":false,"template":"","format":"standard","meta":{"footnotes":""},"categories":[4],"tags":[],"class_list":["post-3306","post","type-post","status-publish","format-standard","hentry","category-uncategorized-2"],"_links":{"self":[{"href":"https:\/\/www.skelleftejazz.se\/index.php?rest_route=\/wp\/v2\/posts\/3306","targetHints":{"allow":["GET"]}}],"collection":[{"href":"https:\/\/www.skelleftejazz.se\/index.php?rest_route=\/wp\/v2\/posts"}],"about":[{"href":"https:\/\/www.skelleftejazz.se\/index.php?rest_route=\/wp\/v2\/types\/post"}],"author":[{"embeddable":true,"href":"https:\/\/www.skelleftejazz.se\/index.php?rest_route=\/wp\/v2\/users\/1"}],"replies":[{"embeddable":true,"href":"https:\/\/www.skelleftejazz.se\/index.php?rest_route=%2Fwp%2Fv2%2Fcomments&post=3306"}],"version-history":[{"count":1,"href":"https:\/\/www.skelleftejazz.se\/index.php?rest_route=\/wp\/v2\/posts\/3306\/revisions"}],"predecessor-version":[{"id":3308,"href":"https:\/\/www.skelleftejazz.se\/index.php?rest_route=\/wp\/v2\/posts\/3306\/revisions\/3308"}],"wp:attachment":[{"href":"https:\/\/www.skelleftejazz.se\/index.php?rest_route=%2Fwp%2Fv2%2Fmedia&parent=3306"}],"wp:term":[{"taxonomy":"category","embeddable":true,"href":"https:\/\/www.skelleftejazz.se\/index.php?rest_route=%2Fwp%2Fv2%2Fcategories&post=3306"},{"taxonomy":"post_tag","embeddable":true,"href":"https:\/\/www.skelleftejazz.se\/index.php?rest_route=%2Fwp%2Fv2%2Ftags&post=3306"}],"curies":[{"name":"wp","href":"https:\/\/api.w.org\/{rel}","templated":true}]}}