{"id":3295,"date":"2017-10-14T22:54:51","date_gmt":"2017-10-14T21:54:51","guid":{"rendered":"http:\/\/www.skelleftejazz.se\/?p=3295"},"modified":"2017-10-14T22:57:46","modified_gmt":"2017-10-14T21:57:46","slug":"lordag-2017-10-28-1300-folkets-hus-skelleftehamn-svante-thuresson-moter-beppe-wolgers","status":"publish","type":"post","link":"https:\/\/www.skelleftejazz.se\/?p=3295","title":{"rendered":"L\u00f6rdag\u00a02017-10-28 13:00 Folkets hus Skelleftehamn. Svante Thuresson m\u00f6ter Beppe Wolgers"},"content":{"rendered":"<div id=\"attachment_3258\" class=\"wp-caption alignleft\">\n<p><a href=\"https:\/\/www.skelleftejazz.se\/wp-content\/uploads\/2017\/07\/svante2-1.jpg\"><img loading=\"lazy\" decoding=\"async\" class=\"size-full wp-image-3258\" src=\"https:\/\/www.skelleftejazz.se\/wp-content\/uploads\/2017\/07\/svante2-1.jpg\" alt=\"\" width=\"256\" height=\"188\" \/><\/a><\/p>\n<p class=\"wp-caption-text\">Svante Thuresson<\/p>\n<\/div>\n<div id=\"attachment_3256\" class=\"wp-caption alignleft\">\n<p><a href=\"https:\/\/www.skelleftejazz.se\/wp-content\/uploads\/2017\/07\/beppe.jpg\"><img loading=\"lazy\" decoding=\"async\" class=\"wp-image-3256 size-thumbnail\" src=\"https:\/\/www.skelleftejazz.se\/wp-content\/uploads\/2017\/07\/beppe-150x150.jpg\" alt=\"\" width=\"150\" height=\"150\" \/><\/a><\/p>\n<p class=\"wp-caption-text\">Beppe Wolgers<\/p>\n<\/div>\n<p>Fr\u00e5n en barstol agerar och l\u00e4ser Svante fr\u00e5n Beppes bok, ber\u00e4ttar om Beppes liv, sjunger Beppes texter till m\u00e5nga av de k\u00e4nda l\u00e5tar som Monika Zetterlund och andra gjort riktigt k\u00e4nda som \u201dSakta vi g\u00e5 genom sta\u00b4n\u201d , \u201dVad jag \u00e5t som barn\u201d, \u201dNew York\u201d, \u201dVinter i sk\u00e4rg\u00e5r\u00b4n\u201d etc. Claes Crona trio dvs\u00a0\u00a0Claes Crona \u2013 piano, Hans Andersson \u2013 bas och Johan L\u00f6fcrantz \u2013 trummor finns bakom Svante.<\/p>\n<p>F\u00f6rest\u00e4llningen \u00e4r i tv\u00e5 akter med m\u00f6jlighet till n\u00e5gon form av f\u00f6rfriskningar i pausen. Folkets hus i Skelleftehamn har en mycket fin biosalong som fungerar utm\u00e4rkt att framf\u00f6ra musikf\u00f6rest\u00e4llningar i.<\/p>\n<p>Entr\u00e9 250.- medlem 200.- ungdom 100.- plus f\u00f6rk\u00f6psavgift. F\u00f6rk\u00f6p p\u00e5\u00a0<strong><a href=\"https:\/\/secure.tickster.com\/Intro.aspx?ERC=80P9AKRXNN6TKPY\" target=\"_blank\" rel=\"noopener noreferrer\">Tickster\u00a0<\/a><\/strong>eller Skellefte\u00e5 Turistbyr\u00e5\u00a00910-45 25 15 (Ev. \u00f6verblivna biljetter s\u00e4ljs vid entr\u00e9n. )<\/p>\n<p>Resor: S\u00e5 h\u00e4r ser busstidtabellen ut p\u00e5 l\u00f6rdagar: Bussh\u00e5llplatsen ligger v\u00e4ldigt n\u00e4ra Folkets Hus.<\/p>\n<figure id=\"attachment_3296\" aria-describedby=\"caption-attachment-3296\" style=\"width: 458px\" class=\"wp-caption alignleft\"><a href=\"https:\/\/www.skelleftejazz.se\/wp-content\/uploads\/2017\/10\/till.jpg\"><img loading=\"lazy\" decoding=\"async\" class=\"size-full wp-image-3296\" src=\"https:\/\/www.skelleftejazz.se\/wp-content\/uploads\/2017\/10\/till.jpg\" alt=\"\" width=\"458\" height=\"309\" \/><\/a><figcaption id=\"caption-attachment-3296\" class=\"wp-caption-text\">Till Skelleftehamn<\/figcaption><\/figure>\n<figure id=\"attachment_3299\" aria-describedby=\"caption-attachment-3299\" style=\"width: 473px\" class=\"wp-caption alignleft\"><a href=\"https:\/\/www.skelleftejazz.se\/wp-content\/uploads\/2017\/10\/fr\u00e5n.jpg\"><img loading=\"lazy\" decoding=\"async\" class=\"size-full wp-image-3299\" src=\"https:\/\/www.skelleftejazz.se\/wp-content\/uploads\/2017\/10\/fr\u00e5n.jpg\" alt=\"\" width=\"473\" height=\"366\" \/><\/a><figcaption id=\"caption-attachment-3299\" class=\"wp-caption-text\">fr\u00e5n Skelleftehamn<\/figcaption><\/figure>\n","protected":false},"excerpt":{"rendered":"<p>Svante Thuresson Beppe Wolgers Fr\u00e5n en barstol agerar och l\u00e4ser Svante fr\u00e5n Beppes bok, ber\u00e4ttar om Beppes liv, sjunger Beppes texter till m\u00e5nga av de k\u00e4nda l\u00e5tar som Monika Zetterlund och andra gjort riktigt k\u00e4nda som \u201dSakta vi g\u00e5 genom sta\u00b4n\u201d , \u201dVad jag \u00e5t som barn\u201d, \u201dNew York\u201d, \u201dVinter i sk\u00e4rg\u00e5r\u00b4n\u201d etc. Claes Crona&hellip; <a href=\"https:\/\/www.skelleftejazz.se\/?p=3295\" class=\"read-more\">Forts\u00e4tt l\u00e4sa L\u00f6rdag\u00a02017-10-28 13:00 Folkets hus Skelleftehamn. Svante Thuresson m\u00f6ter Beppe Wolgers<\/a><\/p>\n","protected":false},"author":1,"featured_media":0,"comment_status":"closed","ping_status":"open","sticky":false,"template":"","format":"standard","meta":{"footnotes":""},"categories":[4],"tags":[],"class_list":["post-3295","post","type-post","status-publish","format-standard","hentry","category-uncategorized-2"],"_links":{"self":[{"href":"https:\/\/www.skelleftejazz.se\/index.php?rest_route=\/wp\/v2\/posts\/3295","targetHints":{"allow":["GET"]}}],"collection":[{"href":"https:\/\/www.skelleftejazz.se\/index.php?rest_route=\/wp\/v2\/posts"}],"about":[{"href":"https:\/\/www.skelleftejazz.se\/index.php?rest_route=\/wp\/v2\/types\/post"}],"author":[{"embeddable":true,"href":"https:\/\/www.skelleftejazz.se\/index.php?rest_route=\/wp\/v2\/users\/1"}],"replies":[{"embeddable":true,"href":"https:\/\/www.skelleftejazz.se\/index.php?rest_route=%2Fwp%2Fv2%2Fcomments&post=3295"}],"version-history":[{"count":3,"href":"https:\/\/www.skelleftejazz.se\/index.php?rest_route=\/wp\/v2\/posts\/3295\/revisions"}],"predecessor-version":[{"id":3300,"href":"https:\/\/www.skelleftejazz.se\/index.php?rest_route=\/wp\/v2\/posts\/3295\/revisions\/3300"}],"wp:attachment":[{"href":"https:\/\/www.skelleftejazz.se\/index.php?rest_route=%2Fwp%2Fv2%2Fmedia&parent=3295"}],"wp:term":[{"taxonomy":"category","embeddable":true,"href":"https:\/\/www.skelleftejazz.se\/index.php?rest_route=%2Fwp%2Fv2%2Fcategories&post=3295"},{"taxonomy":"post_tag","embeddable":true,"href":"https:\/\/www.skelleftejazz.se\/index.php?rest_route=%2Fwp%2Fv2%2Ftags&post=3295"}],"curies":[{"name":"wp","href":"https:\/\/api.w.org\/{rel}","templated":true}]}}